{"id":144621,"date":"2025-10-21T15:43:17","date_gmt":"2025-10-21T18:43:17","guid":{"rendered":"https:\/\/eldiariodesanpedro.com.ar\/sitio\/?p=144621"},"modified":"2025-10-21T15:43:20","modified_gmt":"2025-10-21T18:43:20","slug":"reclamo-nacional-por-la-discapacidad-convocatoria-en-san-pedro","status":"publish","type":"post","link":"https:\/\/eldiariodesanpedro.com.ar\/sitio\/reclamo-nacional-por-la-discapacidad-convocatoria-en-san-pedro\/","title":{"rendered":"Reclamo nacional por la discapacidad: convocatoria en San Pedro"},"content":{"rendered":"<!-- VideographyWP Plugin Message: Automatic video embedding prevented by plugin options. -->\n\n<p>Convocan en San Pedro a una concentraci\u00f3n por el pago de terapias y apoyos, y por una ley que garantice los derechos de las personas con discapacidad.<\/p>\n\n\n\n<p>Diversos sectores de la comunidad convocaron a una <strong>concentraci\u00f3n p\u00fablica<\/strong> para reclamar por el <strong>pago de terapias y apoyos a profesionales<\/strong> y por la <strong>sanci\u00f3n de una ley que realmente promueva los derechos de las personas con discapacidad<\/strong>.<br>El encuentro se realizar\u00e1 <strong>el mi\u00e9rcoles 22 de octubre a las 19:30 horas en la Plaza Belgrano<\/strong>, bajo la consigna <strong>\u201c\u00a1Discapacidad en Emergencia!\u201d<\/strong>.<\/p>\n\n\n\n<p>Los organizadores se\u00f1alaron que el principal motivo de la protesta es que <strong>\u201clos profesionales que brindan terapias y apoyos no est\u00e1n cobrando\u201d<\/strong>, lo que afecta directamente la continuidad de tratamientos esenciales. En ese sentido, pidieron a la comunidad y a las familias de personas con discapacidad que se sumen para <strong>reclamar condiciones justas y reconocimiento<\/strong>.<\/p>\n\n\n\n<p>La convocatoria local se enmarca en una serie de <strong>medidas de fuerza a nivel nacional<\/strong> impulsadas por organizaciones como <strong>Prestadores de Discapacidad Unidos (PDU)<\/strong> y el <strong>Foro Permanente de Discapacidad<\/strong>.<\/p>\n\n\n\n<p>Entre las acciones nacionales se incluyen un <strong>Paro Nacional del 20 al 24 de octubre<\/strong>, una <strong>vigilia denominada \u201cUna luz por la discapacidad\u201d<\/strong> los d\u00edas 21, 22 y 23 de octubre en <strong>Plaza de Mayo<\/strong>, y una <strong>movilizaci\u00f3n masiva el mi\u00e9rcoles 22 de octubre a las 11:00 horas<\/strong> desde <strong>Plaza del Congreso al Ministerio de Salud<\/strong>.<\/p>\n\n\n\n<p>Los manifestantes reclaman la <strong>implementaci\u00f3n de una Ley de Emergencia en Discapacidad<\/strong> y un <strong>aumento urgente de aranceles<\/strong>, bajo el lema <strong>#NOALAJUSTEENDISCAPACIDAD<\/strong>.<\/p>\n\n\n\n<p>#DiscapacidadEnEmergencia #SanPedro #Derechos #Inclusion #NoAlAjuste #LeyDeDiscapacidad #MarchaPorLaDiscapacidad<\/p>\n","protected":false},"excerpt":{"rendered":"<p>Convocan en San Pedro a una concentraci\u00f3n por el pago de terapias y apoyos, y por una ley que garantice los derechos de las personas con discapacidad. Diversos sectores de la comunidad convocaron a una concentraci\u00f3n p\u00fablica para reclamar por el pago de terapias y apoyos a profesionales y por la sanci\u00f3n de una ley [&hellip;]<\/p>\n","protected":false},"author":4,"featured_media":144622,"comment_status":"closed","ping_status":"closed","sticky":false,"template":"","format":"standard","meta":{"om_disable_all_campaigns":false,"_jetpack_memberships_contains_paid_content":false,"footnotes":""},"categories":[101,2],"tags":[6970,6969,6968,6974,6976,6975,6971,6972,6973,6967],"class_list":["post-144621","post","type-post","status-publish","format-standard","has-post-thumbnail","hentry","category-interes-general-locales","category-locales","tag-apoyos-profesionales","tag-concentracion-plaza-belgrano","tag-discapacidad","tag-emergencia-en-discapacidad","tag-ley-de-discapacidad","tag-movilizacion","tag-pdu","tag-prestadores-de-discapacidad-unidos","tag-reclamo-nacional","tag-terapias"],"aioseo_notices":[],"gutentor_comment":0,"jetpack_featured_media_url":"https:\/\/eldiariodesanpedro.com.ar\/sitio\/wp-content\/uploads\/2025\/10\/medida-15.jpg","jetpack_shortlink":"https:\/\/wp.me\/p6RhLt-BCB","jetpack_sharing_enabled":true,"_links":{"self":[{"href":"https:\/\/eldiariodesanpedro.com.ar\/sitio\/wp-json\/wp\/v2\/posts\/144621","targetHints":{"allow":["GET"]}}],"collection":[{"href":"https:\/\/eldiariodesanpedro.com.ar\/sitio\/wp-json\/wp\/v2\/posts"}],"about":[{"href":"https:\/\/eldiariodesanpedro.com.ar\/sitio\/wp-json\/wp\/v2\/types\/post"}],"author":[{"embeddable":true,"href":"https:\/\/eldiariodesanpedro.com.ar\/sitio\/wp-json\/wp\/v2\/users\/4"}],"replies":[{"embeddable":true,"href":"https:\/\/eldiariodesanpedro.com.ar\/sitio\/wp-json\/wp\/v2\/comments?post=144621"}],"version-history":[{"count":1,"href":"https:\/\/eldiariodesanpedro.com.ar\/sitio\/wp-json\/wp\/v2\/posts\/144621\/revisions"}],"predecessor-version":[{"id":144623,"href":"https:\/\/eldiariodesanpedro.com.ar\/sitio\/wp-json\/wp\/v2\/posts\/144621\/revisions\/144623"}],"wp:featuredmedia":[{"embeddable":true,"href":"https:\/\/eldiariodesanpedro.com.ar\/sitio\/wp-json\/wp\/v2\/media\/144622"}],"wp:attachment":[{"href":"https:\/\/eldiariodesanpedro.com.ar\/sitio\/wp-json\/wp\/v2\/media?parent=144621"}],"wp:term":[{"taxonomy":"category","embeddable":true,"href":"https:\/\/eldiariodesanpedro.com.ar\/sitio\/wp-json\/wp\/v2\/categories?post=144621"},{"taxonomy":"post_tag","embeddable":true,"href":"https:\/\/eldiariodesanpedro.com.ar\/sitio\/wp-json\/wp\/v2\/tags?post=144621"}],"curies":[{"name":"wp","href":"https:\/\/api.w.org\/{rel}","templated":true}]}}