{"id":144619,"date":"2025-10-21T15:29:26","date_gmt":"2025-10-21T18:29:26","guid":{"rendered":"https:\/\/eldiariodesanpedro.com.ar\/sitio\/?p=144619"},"modified":"2025-10-21T15:29:30","modified_gmt":"2025-10-21T18:29:30","slug":"vecinos-y-la-asociacion-barrios-unidos-presentaron-un-reclamo-formal-en-defensa-del-territorio-costero-ante-el-concejo-deliberante","status":"publish","type":"post","link":"https:\/\/eldiariodesanpedro.com.ar\/sitio\/vecinos-y-la-asociacion-barrios-unidos-presentaron-un-reclamo-formal-en-defensa-del-territorio-costero-ante-el-concejo-deliberante\/","title":{"rendered":"Vecinos y la Asociaci\u00f3n Barrios Unidos presentaron un reclamo formal en defensa del territorio costero ante el Concejo Deliberante"},"content":{"rendered":"<!-- VideographyWP Plugin Message: Automatic video embedding prevented by plugin options. -->\n\n<p>La Asociaci\u00f3n Civil Barrios Unidos y vecinos de Cementerio y Puerto reclamaron ante el Concejo la defensa del territorio costero y sus derechos hist\u00f3ricos.<\/p>\n\n\n\n<p>La <strong>Asociaci\u00f3n Civil Barrios Unidos por el Ambiente y el Progreso Barrial<\/strong>, junto a vecinos de los barrios <strong>Cementerio y Puerto<\/strong>, realiz\u00f3 una <strong>presentaci\u00f3n formal en el Honorable Concejo Deliberante de San Pedro<\/strong> el pasado <strong>20 de octubre de 2025<\/strong>, dirigida al presidente del cuerpo, <strong>Pablo Vlaemink<\/strong>, y a los concejales y concejalas.<\/p>\n\n\n\n<p>El documento expone un <strong>reclamo en defensa del territorio costero, el ambiente y los derechos hist\u00f3ricos<\/strong> de las familias trabajadoras que habitan la zona desde hace m\u00e1s de <strong>150 a\u00f1os<\/strong>. Los vecinos denuncian que <strong>distintas empresas reclaman como propiedad privada<\/strong> \u00e1reas del borde costero, incluyendo sectores habitados, zonas de <strong>barranca y humedales<\/strong>, el denominado <strong>\u201ctri\u00e1ngulo del puerto\u201d<\/strong> y franjas de costa <strong>rellenadas artificialmente<\/strong>.<\/p>\n\n\n\n<p>Seg\u00fan lo expresado, las familias del barrio Cementerio son <strong>descendientes de pescadores, cortadores de totora y trabajadores costeros<\/strong> que ocuparon el territorio cuando a\u00fan no contaba con servicios. Esta <strong>presencia hist\u00f3rica<\/strong>, sostienen, <strong>consolida derechos sociales, ambientales y comunitarios<\/strong> sobre las tierras que hoy se ven amenazadas.<\/p>\n\n\n\n<p>El barrio <strong>Cementerio est\u00e1 registrado en el ReNaBaP (c\u00f3digo 2872)<\/strong>, lo que implica su reconocimiento como <strong>barrio popular<\/strong> y garantiza el derecho a la <strong>urbanizaci\u00f3n, permanencia y acceso a servicios b\u00e1sicos<\/strong>, en el marco de la <strong>Ley Nacional 27.453 de Integraci\u00f3n Socio Urbana de Barrios Populares<\/strong>.<\/p>\n\n\n\n<p>El reclamo tambi\u00e9n invoca los <strong>art\u00edculos 14 bis y 41 de la Constituci\u00f3n Nacional<\/strong>, que aseguran el derecho a una <strong>vivienda digna y a un ambiente sano<\/strong>, as\u00ed como la <strong>funci\u00f3n social de la propiedad<\/strong> y el <strong>Art\u00edculo 1902 del C\u00f3digo Civil y Comercial<\/strong>, que limita el dominio privado en zonas de <strong>riberas, barrancas o humedales<\/strong>.<\/p>\n\n\n\n<p>Asimismo, el texto denuncia <strong>\u201cirregularidades en el traspaso de tierras\u201d<\/strong>, que habr\u00edan ocurrido <strong>durante la dictadura militar y a\u00f1os posteriores<\/strong>, cuando <strong>empresas privadas accedieron a tierras p\u00fablicas<\/strong> de manera poco transparente. Parte de esos terrenos, aseguran, podr\u00edan <strong>pertenecer al Estado Nacional o Provincial<\/strong> o estar bajo <strong>jurisdicci\u00f3n portuaria<\/strong>, por lo que no deber\u00edan ser vendidos ni apropiados.<\/p>\n\n\n\n<p>Los vecinos advierten que esta situaci\u00f3n ha generado <strong>amenazas judiciales, cercamientos de caminos p\u00fablicos y presiones de desalojo<\/strong>, afectando a familias con larga historia en la zona.<\/p>\n\n\n\n<p>Entre los principales <strong>reclamos<\/strong>, la Asociaci\u00f3n Civil y los vecinos solicitan:<\/p>\n\n\n\n<ul class=\"wp-block-list\">\n<li>El <strong>reconocimiento oficial del barrio Cementerio<\/strong> como territorio de trabajo, vivienda y comunidad.<\/li>\n\n\n\n<li>La <strong>anulaci\u00f3n o revisi\u00f3n de los traspasos ileg\u00edtimos<\/strong> de tierras p\u00fablicas.<\/li>\n\n\n\n<li>El <strong>cumplimiento de la Ley 27.453<\/strong> y dem\u00e1s normativas protectoras.<\/li>\n\n\n\n<li>La <strong>protecci\u00f3n del humedal y la costa<\/strong>, prohibiendo <strong>actividades extractivas<\/strong> como las areneras en zonas habitadas o ecol\u00f3gicamente sensibles.<\/li>\n<\/ul>\n\n\n\n<p>Finalmente, el documento reafirma la <strong>oposici\u00f3n a todo intento de desalojo o desplazamiento forzado<\/strong>, defendiendo el <strong>derecho colectivo a la tierra, al agua y a la vida comunitaria<\/strong>. La presentaci\u00f3n fue acompa\u00f1ada por <strong>numerosas firmas de vecinos y vecinas<\/strong> y se envi\u00f3 <strong>copia al intendente Cecilio Salazar<\/strong>.<\/p>\n\n\n\n<p>#SanPedro #BarriosUnidos #Ambiente #DerechoALaTierra #BarrioCementerio #BarrioPuerto #Humedales #ConcejoDeliberante #Ley27453 #ReNaBaP<\/p>\n","protected":false},"excerpt":{"rendered":"<p>La Asociaci\u00f3n Civil Barrios Unidos y vecinos de Cementerio y Puerto reclamaron ante el Concejo la defensa del territorio costero y sus derechos hist\u00f3ricos. La Asociaci\u00f3n Civil Barrios Unidos por el Ambiente y el Progreso Barrial, junto a vecinos de los barrios Cementerio y Puerto, realiz\u00f3 una presentaci\u00f3n formal en el Honorable Concejo Deliberante de [&hellip;]<\/p>\n","protected":false},"author":4,"featured_media":81736,"comment_status":"closed","ping_status":"closed","sticky":false,"template":"","format":"standard","meta":{"om_disable_all_campaigns":false,"_jetpack_memberships_contains_paid_content":false,"footnotes":""},"categories":[101,2],"tags":[6959,6961,1059,597,5600,6962,203,6965,6966,6964,417,6960,6963],"class_list":["post-144619","post","type-post","status-publish","format-standard","has-post-thumbnail","hentry","category-interes-general-locales","category-locales","tag-asociacion-civil-barrios-unidos","tag-barrios-costeros","tag-cecilio-salazar","tag-cementerio","tag-concejo-deliberante-san-pedro","tag-derechos-ambientales","tag-desalojo","tag-humedales","tag-irregularidades-de-tierras","tag-ley-27-453","tag-puerto","tag-reclamo-territorial","tag-renabap"],"aioseo_notices":[],"gutentor_comment":0,"jetpack_featured_media_url":"https:\/\/eldiariodesanpedro.com.ar\/sitio\/wp-content\/uploads\/2020\/10\/WhatsApp-Image-2020-10-05-at-09.41.41.jpeg","jetpack_shortlink":"https:\/\/wp.me\/p6RhLt-BCz","jetpack_sharing_enabled":true,"_links":{"self":[{"href":"https:\/\/eldiariodesanpedro.com.ar\/sitio\/wp-json\/wp\/v2\/posts\/144619","targetHints":{"allow":["GET"]}}],"collection":[{"href":"https:\/\/eldiariodesanpedro.com.ar\/sitio\/wp-json\/wp\/v2\/posts"}],"about":[{"href":"https:\/\/eldiariodesanpedro.com.ar\/sitio\/wp-json\/wp\/v2\/types\/post"}],"author":[{"embeddable":true,"href":"https:\/\/eldiariodesanpedro.com.ar\/sitio\/wp-json\/wp\/v2\/users\/4"}],"replies":[{"embeddable":true,"href":"https:\/\/eldiariodesanpedro.com.ar\/sitio\/wp-json\/wp\/v2\/comments?post=144619"}],"version-history":[{"count":1,"href":"https:\/\/eldiariodesanpedro.com.ar\/sitio\/wp-json\/wp\/v2\/posts\/144619\/revisions"}],"predecessor-version":[{"id":144620,"href":"https:\/\/eldiariodesanpedro.com.ar\/sitio\/wp-json\/wp\/v2\/posts\/144619\/revisions\/144620"}],"wp:featuredmedia":[{"embeddable":true,"href":"https:\/\/eldiariodesanpedro.com.ar\/sitio\/wp-json\/wp\/v2\/media\/81736"}],"wp:attachment":[{"href":"https:\/\/eldiariodesanpedro.com.ar\/sitio\/wp-json\/wp\/v2\/media?parent=144619"}],"wp:term":[{"taxonomy":"category","embeddable":true,"href":"https:\/\/eldiariodesanpedro.com.ar\/sitio\/wp-json\/wp\/v2\/categories?post=144619"},{"taxonomy":"post_tag","embeddable":true,"href":"https:\/\/eldiariodesanpedro.com.ar\/sitio\/wp-json\/wp\/v2\/tags?post=144619"}],"curies":[{"name":"wp","href":"https:\/\/api.w.org\/{rel}","templated":true}]}}