{"id":14461,"date":"2017-02-10T09:03:26","date_gmt":"2017-02-10T12:03:26","guid":{"rendered":"https:\/\/eldiariodesanpedro.com.ar\/sitio\/?p=14461"},"modified":"2017-02-10T09:03:26","modified_gmt":"2017-02-10T12:03:26","slug":"secuestran-una-planta-de-marihuana-de-dos-metros","status":"publish","type":"post","link":"https:\/\/eldiariodesanpedro.com.ar\/sitio\/secuestran-una-planta-de-marihuana-de-dos-metros\/","title":{"rendered":"Secuestran una planta de marihuana de dos metros"},"content":{"rendered":"<p><!-- VideographyWP Plugin Message: Automatic video embedding prevented by plugin options. --><br \/>\nEn la tarde de ayer cercanas las 18:00 hs personal policial del destacamento de Gobernador Castro realiz\u00f3 \u00f3rdenes de allanamiento en tres objetivos los cuales fueron ordenados por el Juzgado de garant\u00eda N\u00b0 3 a cargo de la Sra. Jueza Dra. Mar\u00eda Eugenia Maistegui, solicitado por la Unidad Funcional de Instrucci\u00f3n n\u00ba 7 a cargo de la Dr. Marcelo Manso logr\u00e1ndose el secuestro de una planta planta vegetal de cannabis sativa con una medida de dos metros diez cent\u00edmetros de alto. <\/p>\n<p>Se puso en conocimiento al Magistrado de intervenci\u00f3n, quien avalo actuaci\u00f3n policial, caratulando Tenencia de estupefacientes para consumo personal,  quedando a disposici\u00f3n de la Fiscal\u00eda N\u00b0 7.<\/p>\n","protected":false},"excerpt":{"rendered":"<p>En la tarde de ayer cercanas las 18:00 hs personal policial del destacamento de Gobernador Castro realiz\u00f3 \u00f3rdenes de allanamiento en tres objetivos los cuales fueron ordenados por el Juzgado de garant\u00eda N\u00b0 3 a cargo de la Sra. Jueza Dra. Mar\u00eda Eugenia Maistegui, solicitado por la Unidad Funcional de Instrucci\u00f3n n\u00ba 7 a cargo [&hellip;]<\/p>\n","protected":false},"author":4,"featured_media":14463,"comment_status":"open","ping_status":"closed","sticky":false,"template":"","format":"standard","meta":{"om_disable_all_campaigns":false,"_jetpack_memberships_contains_paid_content":false,"footnotes":""},"categories":[2,103],"tags":[],"class_list":["post-14461","post","type-post","status-publish","format-standard","has-post-thumbnail","hentry","category-locales","category-policiales-locales"],"aioseo_notices":[],"gutentor_comment":0,"jetpack_featured_media_url":"https:\/\/eldiariodesanpedro.com.ar\/sitio\/wp-content\/uploads\/2017\/02\/IMG_20170210_090120.jpg","jetpack_shortlink":"https:\/\/wp.me\/p6RhLt-3Lf","jetpack_sharing_enabled":true,"_links":{"self":[{"href":"https:\/\/eldiariodesanpedro.com.ar\/sitio\/wp-json\/wp\/v2\/posts\/14461","targetHints":{"allow":["GET"]}}],"collection":[{"href":"https:\/\/eldiariodesanpedro.com.ar\/sitio\/wp-json\/wp\/v2\/posts"}],"about":[{"href":"https:\/\/eldiariodesanpedro.com.ar\/sitio\/wp-json\/wp\/v2\/types\/post"}],"author":[{"embeddable":true,"href":"https:\/\/eldiariodesanpedro.com.ar\/sitio\/wp-json\/wp\/v2\/users\/4"}],"replies":[{"embeddable":true,"href":"https:\/\/eldiariodesanpedro.com.ar\/sitio\/wp-json\/wp\/v2\/comments?post=14461"}],"version-history":[{"count":1,"href":"https:\/\/eldiariodesanpedro.com.ar\/sitio\/wp-json\/wp\/v2\/posts\/14461\/revisions"}],"predecessor-version":[{"id":14464,"href":"https:\/\/eldiariodesanpedro.com.ar\/sitio\/wp-json\/wp\/v2\/posts\/14461\/revisions\/14464"}],"wp:featuredmedia":[{"embeddable":true,"href":"https:\/\/eldiariodesanpedro.com.ar\/sitio\/wp-json\/wp\/v2\/media\/14463"}],"wp:attachment":[{"href":"https:\/\/eldiariodesanpedro.com.ar\/sitio\/wp-json\/wp\/v2\/media?parent=14461"}],"wp:term":[{"taxonomy":"category","embeddable":true,"href":"https:\/\/eldiariodesanpedro.com.ar\/sitio\/wp-json\/wp\/v2\/categories?post=14461"},{"taxonomy":"post_tag","embeddable":true,"href":"https:\/\/eldiariodesanpedro.com.ar\/sitio\/wp-json\/wp\/v2\/tags?post=14461"}],"curies":[{"name":"wp","href":"https:\/\/api.w.org\/{rel}","templated":true}]}}