{"id":144601,"date":"2025-10-21T11:07:02","date_gmt":"2025-10-21T14:07:02","guid":{"rendered":"https:\/\/eldiariodesanpedro.com.ar\/sitio\/?p=144601"},"modified":"2025-10-21T11:07:07","modified_gmt":"2025-10-21T14:07:07","slug":"resistencia-a-la-autoridad-fue-aprehendido-durante-un-allanamiento-por-un-hurto-investigado","status":"publish","type":"post","link":"https:\/\/eldiariodesanpedro.com.ar\/sitio\/resistencia-a-la-autoridad-fue-aprehendido-durante-un-allanamiento-por-un-hurto-investigado\/","title":{"rendered":"Resistencia a la autoridad: fue aprehendido durante un allanamiento por un hurto investigado"},"content":{"rendered":"<!-- VideographyWP Plugin Message: Automatic video embedding prevented by plugin options. -->\n\n<p>Durante un allanamiento por un hurto, un joven de 29 a\u00f1os se resisti\u00f3 al accionar policial y fue aprehendido. Interviene la UFI N\u00b0 11.<\/p>\n\n\n\n<p>En el marco de una investigaci\u00f3n por un <strong>hecho de hurto ocurrido el 17 del corriente mes<\/strong>, personal del <strong>Grupo T\u00e1ctico Operativo (GTO)<\/strong> logr\u00f3 establecer la <strong>autor\u00eda del il\u00edcito<\/strong>, solicitando una <strong>orden de allanamiento<\/strong> que fue extendida por el <strong>Juzgado de Garant\u00edas de San Nicol\u00e1s<\/strong>.<\/p>\n\n\n\n<p>El procedimiento fue <strong>diligenciado por el GTO junto a personal de la EPC San Pedro<\/strong> en una vivienda ubicada en <strong>calle Riobamba al 1700<\/strong>, arrojando <strong>resultado negativo respecto a los elementos buscados<\/strong>.<\/p>\n\n\n\n<p>Sin embargo, durante la intervenci\u00f3n, el <strong>morador del domicilio, un hombre de 29 a\u00f1os<\/strong>, al <strong>advertir la presencia policial<\/strong>, <strong>adopt\u00f3 una actitud hostil<\/strong> y <strong>se resisti\u00f3 de manera violenta<\/strong> al accionar de los efectivos, motivo por el cual fue <strong>aprehendido<\/strong>.<\/p>\n\n\n\n<p>Interviene la <strong>UFI N\u00b0 11 de San Pedro<\/strong>, que dispuso que el sujeto sea <strong>imputado por el delito de \u201cResistencia a la Autoridad\u201d<\/strong> y <strong>puesto a disposici\u00f3n de la Justicia<\/strong>.<\/p>\n\n\n\n<p>#ResistenciaALaAutoridad #Allanamiento #Polic\u00eda #SanPedro #Seguridad #UFI11 #Justicia<\/p>\n","protected":false},"excerpt":{"rendered":"<p>Durante un allanamiento por un hurto, un joven de 29 a\u00f1os se resisti\u00f3 al accionar policial y fue aprehendido. Interviene la UFI N\u00b0 11. En el marco de una investigaci\u00f3n por un hecho de hurto ocurrido el 17 del corriente mes, personal del Grupo T\u00e1ctico Operativo (GTO) logr\u00f3 establecer la autor\u00eda del il\u00edcito, solicitando una [&hellip;]<\/p>\n","protected":false},"author":4,"featured_media":144602,"comment_status":"closed","ping_status":"closed","sticky":false,"template":"","format":"standard","meta":{"om_disable_all_campaigns":false,"_jetpack_memberships_contains_paid_content":false,"footnotes":""},"categories":[2,103],"tags":[5410,3597,5859,4118,28,3698,5194,5116,3952],"class_list":["post-144601","post","type-post","status-publish","format-standard","has-post-thumbnail","hentry","category-locales","category-policiales-locales","tag-allanamiento-en-san-pedro","tag-aprehension-2","tag-epc-san-pedro","tag-gto","tag-hurto","tag-justicia","tag-juzgado-de-garantias-san-nicolas","tag-resistencia-a-la-autoridad","tag-ufi-11-2"],"aioseo_notices":[],"gutentor_comment":0,"jetpack_featured_media_url":"https:\/\/eldiariodesanpedro.com.ar\/sitio\/wp-content\/uploads\/2025\/10\/medida-13.jpg","jetpack_shortlink":"https:\/\/wp.me\/p6RhLt-BCh","jetpack_sharing_enabled":true,"_links":{"self":[{"href":"https:\/\/eldiariodesanpedro.com.ar\/sitio\/wp-json\/wp\/v2\/posts\/144601","targetHints":{"allow":["GET"]}}],"collection":[{"href":"https:\/\/eldiariodesanpedro.com.ar\/sitio\/wp-json\/wp\/v2\/posts"}],"about":[{"href":"https:\/\/eldiariodesanpedro.com.ar\/sitio\/wp-json\/wp\/v2\/types\/post"}],"author":[{"embeddable":true,"href":"https:\/\/eldiariodesanpedro.com.ar\/sitio\/wp-json\/wp\/v2\/users\/4"}],"replies":[{"embeddable":true,"href":"https:\/\/eldiariodesanpedro.com.ar\/sitio\/wp-json\/wp\/v2\/comments?post=144601"}],"version-history":[{"count":1,"href":"https:\/\/eldiariodesanpedro.com.ar\/sitio\/wp-json\/wp\/v2\/posts\/144601\/revisions"}],"predecessor-version":[{"id":144603,"href":"https:\/\/eldiariodesanpedro.com.ar\/sitio\/wp-json\/wp\/v2\/posts\/144601\/revisions\/144603"}],"wp:featuredmedia":[{"embeddable":true,"href":"https:\/\/eldiariodesanpedro.com.ar\/sitio\/wp-json\/wp\/v2\/media\/144602"}],"wp:attachment":[{"href":"https:\/\/eldiariodesanpedro.com.ar\/sitio\/wp-json\/wp\/v2\/media?parent=144601"}],"wp:term":[{"taxonomy":"category","embeddable":true,"href":"https:\/\/eldiariodesanpedro.com.ar\/sitio\/wp-json\/wp\/v2\/categories?post=144601"},{"taxonomy":"post_tag","embeddable":true,"href":"https:\/\/eldiariodesanpedro.com.ar\/sitio\/wp-json\/wp\/v2\/tags?post=144601"}],"curies":[{"name":"wp","href":"https:\/\/api.w.org\/{rel}","templated":true}]}}