{"id":14459,"date":"2017-02-10T08:50:08","date_gmt":"2017-02-10T11:50:08","guid":{"rendered":"https:\/\/eldiariodesanpedro.com.ar\/sitio\/?p=14459"},"modified":"2017-02-10T08:50:08","modified_gmt":"2017-02-10T11:50:08","slug":"aprehenden-a-una-joven-que-circulaba-en-una-moto-robada","status":"publish","type":"post","link":"https:\/\/eldiariodesanpedro.com.ar\/sitio\/aprehenden-a-una-joven-que-circulaba-en-una-moto-robada\/","title":{"rendered":"Aprehenden a una joven que circulaba en una moto robada"},"content":{"rendered":"<p><!-- VideographyWP Plugin Message: Automatic video embedding prevented by plugin options. --><br \/>\nEl d\u00eda de ayer jueves alrededor de las 16:30 hs Personal policial procedi\u00f3 a la aprehensi\u00f3n de una joven mujer de 19 a\u00f1os de edad quien circulaba en una motocicleta Corven Energy 110 cc, quien circulaba por la calle Bvar. Moreno al 1180,  la cual al consultar el veh\u00edculo poseia pedido de secuestro activo desde el d\u00eda 09 de enero de este a\u00f1o dispuesto por la UFI N\u00b0 7 de nuestra ciudad.  <\/p>\n<p>Procediendose a la aprehensi\u00f3n de la conductora del rodado en cuesti\u00f3n y a su secuestro, para luego se trasladados a dependencia policial<\/p>\n","protected":false},"excerpt":{"rendered":"<p>El d\u00eda de ayer jueves alrededor de las 16:30 hs Personal policial procedi\u00f3 a la aprehensi\u00f3n de una joven mujer de 19 a\u00f1os de edad quien circulaba en una motocicleta Corven Energy 110 cc, quien circulaba por la calle Bvar. Moreno al 1180, la cual al consultar el veh\u00edculo poseia pedido de secuestro activo desde [&hellip;]<\/p>\n","protected":false},"author":4,"featured_media":11797,"comment_status":"open","ping_status":"closed","sticky":false,"template":"","format":"standard","meta":{"om_disable_all_campaigns":false,"_jetpack_memberships_contains_paid_content":false,"footnotes":""},"categories":[2,103],"tags":[],"class_list":["post-14459","post","type-post","status-publish","format-standard","has-post-thumbnail","hentry","category-locales","category-policiales-locales"],"aioseo_notices":[],"gutentor_comment":0,"jetpack_featured_media_url":"https:\/\/eldiariodesanpedro.com.ar\/sitio\/wp-content\/uploads\/2016\/12\/moto-secuestrada.jpg","jetpack_shortlink":"https:\/\/wp.me\/p6RhLt-3Ld","jetpack_sharing_enabled":true,"_links":{"self":[{"href":"https:\/\/eldiariodesanpedro.com.ar\/sitio\/wp-json\/wp\/v2\/posts\/14459","targetHints":{"allow":["GET"]}}],"collection":[{"href":"https:\/\/eldiariodesanpedro.com.ar\/sitio\/wp-json\/wp\/v2\/posts"}],"about":[{"href":"https:\/\/eldiariodesanpedro.com.ar\/sitio\/wp-json\/wp\/v2\/types\/post"}],"author":[{"embeddable":true,"href":"https:\/\/eldiariodesanpedro.com.ar\/sitio\/wp-json\/wp\/v2\/users\/4"}],"replies":[{"embeddable":true,"href":"https:\/\/eldiariodesanpedro.com.ar\/sitio\/wp-json\/wp\/v2\/comments?post=14459"}],"version-history":[{"count":1,"href":"https:\/\/eldiariodesanpedro.com.ar\/sitio\/wp-json\/wp\/v2\/posts\/14459\/revisions"}],"predecessor-version":[{"id":14460,"href":"https:\/\/eldiariodesanpedro.com.ar\/sitio\/wp-json\/wp\/v2\/posts\/14459\/revisions\/14460"}],"wp:featuredmedia":[{"embeddable":true,"href":"https:\/\/eldiariodesanpedro.com.ar\/sitio\/wp-json\/wp\/v2\/media\/11797"}],"wp:attachment":[{"href":"https:\/\/eldiariodesanpedro.com.ar\/sitio\/wp-json\/wp\/v2\/media?parent=14459"}],"wp:term":[{"taxonomy":"category","embeddable":true,"href":"https:\/\/eldiariodesanpedro.com.ar\/sitio\/wp-json\/wp\/v2\/categories?post=14459"},{"taxonomy":"post_tag","embeddable":true,"href":"https:\/\/eldiariodesanpedro.com.ar\/sitio\/wp-json\/wp\/v2\/tags?post=14459"}],"curies":[{"name":"wp","href":"https:\/\/api.w.org\/{rel}","templated":true}]}}