{"id":144574,"date":"2025-10-20T12:22:14","date_gmt":"2025-10-20T15:22:14","guid":{"rendered":"https:\/\/eldiariodesanpedro.com.ar\/sitio\/?p=144574"},"modified":"2025-10-20T12:22:19","modified_gmt":"2025-10-20T15:22:19","slug":"incendio-de-vivienda-en-almafuerte-al-3000-sin-lesionados","status":"publish","type":"post","link":"https:\/\/eldiariodesanpedro.com.ar\/sitio\/incendio-de-vivienda-en-almafuerte-al-3000-sin-lesionados\/","title":{"rendered":"Incendio de vivienda en Almafuerte al 3000 sin lesionados"},"content":{"rendered":"<!-- VideographyWP Plugin Message: Automatic video embedding prevented by plugin options. -->\n\n<p>Un incendio provocado por un desperfecto el\u00e9ctrico en una vivienda de calle Almafuerte al 3000 fue r\u00e1pidamente controlado por Bomberos Voluntarios sin registrar heridos.<\/p>\n\n\n\n<p>En la <strong>tarde de ayer<\/strong>, personal policial acudi\u00f3 a un <strong>domicilio ubicado en calle Almafuerte al 3000<\/strong> tras una alerta del <strong>Sistema de Emergencias 911<\/strong> por un incendio en curso. Seg\u00fan se inform\u00f3, el <strong>foco \u00edgneo se origin\u00f3 a causa de un desperfecto el\u00e9ctrico<\/strong>, el cual fue r\u00e1pidamente controlado gracias al accionar de los <strong>Bomberos Voluntarios de San Pedro<\/strong>.<\/p>\n\n\n\n<p>El incidente no dej\u00f3 <strong>personas lesionadas<\/strong>, y el <strong>problema el\u00e9ctrico fue solucionado<\/strong> posteriormente por empleados de <strong>COOPSER<\/strong>, quienes trabajaron en el lugar para garantizar la seguridad del suministro.<br>No se adopt\u00f3 <strong>temperamento judicial<\/strong> alguno, dado que no se registraron da\u00f1os de mayor gravedad ni v\u00edctimas.<\/p>\n\n\n\n<p>#SanPedro #BomberosVoluntarios #Incendio #Emergencias911 #COOPSER #NoticiasSanPedro #SeguridadVecinal #Prevencion<\/p>\n","protected":false},"excerpt":{"rendered":"<p>Un incendio provocado por un desperfecto el\u00e9ctrico en una vivienda de calle Almafuerte al 3000 fue r\u00e1pidamente controlado por Bomberos Voluntarios sin registrar heridos. En la tarde de ayer, personal policial acudi\u00f3 a un domicilio ubicado en calle Almafuerte al 3000 tras una alerta del Sistema de Emergencias 911 por un incendio en curso. Seg\u00fan [&hellip;]<\/p>\n","protected":false},"author":4,"featured_media":144575,"comment_status":"closed","ping_status":"closed","sticky":false,"template":"","format":"standard","meta":{"om_disable_all_campaigns":false,"_jetpack_memberships_contains_paid_content":false,"footnotes":""},"categories":[50,2,103],"tags":[6909,5372,6910,6908,5478,6911,6912],"class_list":["post-144574","post","type-post","status-publish","format-standard","has-post-thumbnail","hentry","category-destacadas","category-locales","category-policiales-locales","tag-almafuerte-3000","tag-bomberos-voluntarios-san-pedro","tag-coopser-san-pedro","tag-desperfecto-electrico","tag-incendio-en-san-pedro","tag-seguridad-electrica","tag-sin-lesionados"],"aioseo_notices":[],"gutentor_comment":0,"jetpack_featured_media_url":"https:\/\/eldiariodesanpedro.com.ar\/sitio\/wp-content\/uploads\/2025\/10\/medida-1-25.jpg","jetpack_shortlink":"https:\/\/wp.me\/p6RhLt-BBQ","jetpack_sharing_enabled":true,"_links":{"self":[{"href":"https:\/\/eldiariodesanpedro.com.ar\/sitio\/wp-json\/wp\/v2\/posts\/144574","targetHints":{"allow":["GET"]}}],"collection":[{"href":"https:\/\/eldiariodesanpedro.com.ar\/sitio\/wp-json\/wp\/v2\/posts"}],"about":[{"href":"https:\/\/eldiariodesanpedro.com.ar\/sitio\/wp-json\/wp\/v2\/types\/post"}],"author":[{"embeddable":true,"href":"https:\/\/eldiariodesanpedro.com.ar\/sitio\/wp-json\/wp\/v2\/users\/4"}],"replies":[{"embeddable":true,"href":"https:\/\/eldiariodesanpedro.com.ar\/sitio\/wp-json\/wp\/v2\/comments?post=144574"}],"version-history":[{"count":1,"href":"https:\/\/eldiariodesanpedro.com.ar\/sitio\/wp-json\/wp\/v2\/posts\/144574\/revisions"}],"predecessor-version":[{"id":144576,"href":"https:\/\/eldiariodesanpedro.com.ar\/sitio\/wp-json\/wp\/v2\/posts\/144574\/revisions\/144576"}],"wp:featuredmedia":[{"embeddable":true,"href":"https:\/\/eldiariodesanpedro.com.ar\/sitio\/wp-json\/wp\/v2\/media\/144575"}],"wp:attachment":[{"href":"https:\/\/eldiariodesanpedro.com.ar\/sitio\/wp-json\/wp\/v2\/media?parent=144574"}],"wp:term":[{"taxonomy":"category","embeddable":true,"href":"https:\/\/eldiariodesanpedro.com.ar\/sitio\/wp-json\/wp\/v2\/categories?post=144574"},{"taxonomy":"post_tag","embeddable":true,"href":"https:\/\/eldiariodesanpedro.com.ar\/sitio\/wp-json\/wp\/v2\/tags?post=144574"}],"curies":[{"name":"wp","href":"https:\/\/api.w.org\/{rel}","templated":true}]}}