{"id":14457,"date":"2017-02-10T08:42:09","date_gmt":"2017-02-10T11:42:09","guid":{"rendered":"https:\/\/eldiariodesanpedro.com.ar\/sitio\/?p=14457"},"modified":"2017-02-10T08:42:09","modified_gmt":"2017-02-10T11:42:09","slug":"secuestran-un-auto-y-aprehenden-a-su-conductor","status":"publish","type":"post","link":"https:\/\/eldiariodesanpedro.com.ar\/sitio\/secuestran-un-auto-y-aprehenden-a-su-conductor\/","title":{"rendered":"Secuestran un auto y aprehenden a su conductor"},"content":{"rendered":"<p><!-- VideographyWP Plugin Message: Automatic video embedding prevented by plugin options. --><br \/>\nEn el d\u00eda de ayer personal policial se hizo presente alrededor de las 13:00 hs en control de tr\u00e1nsito donde una joven de 21 a\u00f1os de edad quien se hallaba a bordo de un autom\u00f3vil fiat 128 del cual no pose\u00eda documentaci\u00f3n que acredite ser propietario. <\/p>\n<p>Que luego de ser identificado y cursado sus datos filiatorios al sistema de captura de Radioestacion San Nicolas se estableci\u00f3 que mismo presentaba un pedido activo de Paradero a disposici\u00f3n de la UFI de responsabilidad penal Juvenil. <\/p>\n<p>Consulta con Magistrado de intervenci\u00f3n no se adopto medida procesal alguna por lo que egreso de la Dependencia  a la brevedad, disponi\u00e9ndose el secuestro del rodado quedando a disposici\u00f3n del Tribunal de faltas. <\/p>\n","protected":false},"excerpt":{"rendered":"<p>En el d\u00eda de ayer personal policial se hizo presente alrededor de las 13:00 hs en control de tr\u00e1nsito donde una joven de 21 a\u00f1os de edad quien se hallaba a bordo de un autom\u00f3vil fiat 128 del cual no pose\u00eda documentaci\u00f3n que acredite ser propietario. Que luego de ser identificado y cursado sus datos [&hellip;]<\/p>\n","protected":false},"author":4,"featured_media":1378,"comment_status":"open","ping_status":"closed","sticky":false,"template":"","format":"standard","meta":{"om_disable_all_campaigns":false,"_jetpack_memberships_contains_paid_content":false,"footnotes":""},"categories":[2,103],"tags":[],"class_list":["post-14457","post","type-post","status-publish","format-standard","has-post-thumbnail","hentry","category-locales","category-policiales-locales"],"aioseo_notices":[],"gutentor_comment":0,"jetpack_featured_media_url":"https:\/\/eldiariodesanpedro.com.ar\/sitio\/wp-content\/uploads\/2015\/12\/detenido-esposado-620x413.jpg","jetpack_shortlink":"https:\/\/wp.me\/p6RhLt-3Lb","jetpack_sharing_enabled":true,"_links":{"self":[{"href":"https:\/\/eldiariodesanpedro.com.ar\/sitio\/wp-json\/wp\/v2\/posts\/14457","targetHints":{"allow":["GET"]}}],"collection":[{"href":"https:\/\/eldiariodesanpedro.com.ar\/sitio\/wp-json\/wp\/v2\/posts"}],"about":[{"href":"https:\/\/eldiariodesanpedro.com.ar\/sitio\/wp-json\/wp\/v2\/types\/post"}],"author":[{"embeddable":true,"href":"https:\/\/eldiariodesanpedro.com.ar\/sitio\/wp-json\/wp\/v2\/users\/4"}],"replies":[{"embeddable":true,"href":"https:\/\/eldiariodesanpedro.com.ar\/sitio\/wp-json\/wp\/v2\/comments?post=14457"}],"version-history":[{"count":1,"href":"https:\/\/eldiariodesanpedro.com.ar\/sitio\/wp-json\/wp\/v2\/posts\/14457\/revisions"}],"predecessor-version":[{"id":14458,"href":"https:\/\/eldiariodesanpedro.com.ar\/sitio\/wp-json\/wp\/v2\/posts\/14457\/revisions\/14458"}],"wp:featuredmedia":[{"embeddable":true,"href":"https:\/\/eldiariodesanpedro.com.ar\/sitio\/wp-json\/wp\/v2\/media\/1378"}],"wp:attachment":[{"href":"https:\/\/eldiariodesanpedro.com.ar\/sitio\/wp-json\/wp\/v2\/media?parent=14457"}],"wp:term":[{"taxonomy":"category","embeddable":true,"href":"https:\/\/eldiariodesanpedro.com.ar\/sitio\/wp-json\/wp\/v2\/categories?post=14457"},{"taxonomy":"post_tag","embeddable":true,"href":"https:\/\/eldiariodesanpedro.com.ar\/sitio\/wp-json\/wp\/v2\/tags?post=14457"}],"curies":[{"name":"wp","href":"https:\/\/api.w.org\/{rel}","templated":true}]}}