{"id":144541,"date":"2025-10-17T17:25:47","date_gmt":"2025-10-17T20:25:47","guid":{"rendered":"https:\/\/eldiariodesanpedro.com.ar\/sitio\/?p=144541"},"modified":"2025-10-17T17:25:52","modified_gmt":"2025-10-17T20:25:52","slug":"san-pedro-supera-las-500-toneladas-de-reciclables-recuperados-con-inclusion-social","status":"publish","type":"post","link":"https:\/\/eldiariodesanpedro.com.ar\/sitio\/san-pedro-supera-las-500-toneladas-de-reciclables-recuperados-con-inclusion-social\/","title":{"rendered":"San Pedro supera las 500 toneladas de reciclables recuperados con inclusi\u00f3n social"},"content":{"rendered":"<!-- VideographyWP Plugin Message: Automatic video embedding prevented by plugin options. -->\n\n<p>El Programa de Gesti\u00f3n Integral de Residuos con Inclusi\u00f3n Social alcanz\u00f3 m\u00e1s de 500 toneladas recuperadas, impulsando la econom\u00eda circular y el trabajo digno.<\/p>\n\n\n\n<p>La <strong>Municipalidad de San Pedro<\/strong> alcanz\u00f3 un <strong>nuevo logro en materia ambiental<\/strong> al superar las <strong>500 toneladas de materiales reciclables recuperados<\/strong> desde la puesta en marcha del <strong>Programa de Gesti\u00f3n Integral de Residuos con Inclusi\u00f3n Social (PGIRSU)<\/strong>, con base en la <strong>Planta Municipal de Separaci\u00f3n y Valorizaci\u00f3n<\/strong>, dependiente de la <strong>Direcci\u00f3n de Medio Ambiente<\/strong>, a cargo de <strong>Gustavo Sol\u00e1<\/strong>, dentro de la <strong>Secretar\u00eda de Desarrollo Econ\u00f3mico<\/strong>.<\/p>\n\n\n\n<p>Desde <strong>junio de 2023<\/strong>, se registraron <strong>m\u00e1s de 513.000 kilos de residuos reciclables secos recuperados<\/strong>, resultado del <strong>trabajo sostenido de los equipos municipales, los recuperadores urbanos y la comunidad sampedrina<\/strong>, que cada vez participa m\u00e1s activamente en la <strong>separaci\u00f3n de residuos<\/strong>.<\/p>\n\n\n\n<p>El programa, implementado por el Municipio en articulaci\u00f3n con el <strong>Ministerio de Ambiente de la Provincia de Buenos Aires<\/strong> a trav\u00e9s del plan <strong>\u201cMi Provincia Recicla\u201d<\/strong>, forma parte de las pol\u00edticas ambientales impulsadas por el <strong>gobernador Axel Kicillof<\/strong>. Esta iniciativa consolida un modelo que <strong>promueve la econom\u00eda circular, la inclusi\u00f3n social y la participaci\u00f3n comunitaria<\/strong>, reafirmando el compromiso de la gesti\u00f3n municipal con el <strong>desarrollo sostenible y la justicia social<\/strong>.<\/p>\n\n\n\n<p>La <strong>reducci\u00f3n de los residuos destinados a disposici\u00f3n final<\/strong> representa un paso fundamental hacia el <strong>saneamiento progresivo del basural a cielo abierto<\/strong>, disminuyendo el impacto ambiental y fortaleciendo el trabajo de los <strong>recuperadores urbanos<\/strong>.<\/p>\n\n\n\n<p>De esta manera, <strong>San Pedro contin\u00faa avanzando con pol\u00edticas p\u00fablicas que priorizan el cuidado del ambiente, la generaci\u00f3n de empleo digno y la construcci\u00f3n de una ciudad m\u00e1s limpia, inclusiva y comprometida con el futuro.<\/strong><\/p>\n\n\n\n<p>#SanPedro #Reciclaje #MedioAmbiente #PGIRSU #MiProvinciaRecicla #DesarrolloSostenible #Econom\u00edaCircular #Inclusi\u00f3nSocial #Gesti\u00f3nMunicipal<\/p>\n\n\n\n<div class=\"wp-block-jetpack-slideshow aligncenter\" data-effect=\"slide\"><div class=\"wp-block-jetpack-slideshow_container swiper-container\"><ul class=\"wp-block-jetpack-slideshow_swiper-wrapper swiper-wrapper\"><li class=\"wp-block-jetpack-slideshow_slide swiper-slide\"><figure><img decoding=\"async\" width=\"378\" height=\"630\" alt=\"\" class=\"wp-block-jetpack-slideshow_image wp-image-144543 lazyload\" data-id=\"144543\" data-src=\"https:\/\/eldiariodesanpedro.com.ar\/sitio\/wp-content\/uploads\/2025\/10\/Imagen-de-WhatsApp-2025-10-17-a-las-14.36.03_1c1bf57b.jpg\" data-srcset=\"https:\/\/eldiariodesanpedro.com.ar\/sitio\/wp-content\/uploads\/2025\/10\/Imagen-de-WhatsApp-2025-10-17-a-las-14.36.03_1c1bf57b.jpg 378w, https:\/\/eldiariodesanpedro.com.ar\/sitio\/wp-content\/uploads\/2025\/10\/Imagen-de-WhatsApp-2025-10-17-a-las-14.36.03_1c1bf57b-180x300.jpg 180w\" data-sizes=\"(max-width: 378px) 100vw, 378px\" src=\"data:image\/svg+xml;base64,PHN2ZyB3aWR0aD0iMSIgaGVpZ2h0PSIxIiB4bWxucz0iaHR0cDovL3d3dy53My5vcmcvMjAwMC9zdmciPjwvc3ZnPg==\" style=\"--smush-placeholder-width: 378px; --smush-placeholder-aspect-ratio: 378\/630;\" \/><\/figure><\/li><li class=\"wp-block-jetpack-slideshow_slide swiper-slide\"><figure><img decoding=\"async\" width=\"840\" height=\"630\" alt=\"\" class=\"wp-block-jetpack-slideshow_image wp-image-144544 lazyload\" data-id=\"144544\" data-src=\"https:\/\/eldiariodesanpedro.com.ar\/sitio\/wp-content\/uploads\/2025\/10\/Imagen-de-WhatsApp-2025-10-17-a-las-14.36.03_8dfd6573.jpg\" data-srcset=\"https:\/\/eldiariodesanpedro.com.ar\/sitio\/wp-content\/uploads\/2025\/10\/Imagen-de-WhatsApp-2025-10-17-a-las-14.36.03_8dfd6573.jpg 840w, https:\/\/eldiariodesanpedro.com.ar\/sitio\/wp-content\/uploads\/2025\/10\/Imagen-de-WhatsApp-2025-10-17-a-las-14.36.03_8dfd6573-300x225.jpg 300w, https:\/\/eldiariodesanpedro.com.ar\/sitio\/wp-content\/uploads\/2025\/10\/Imagen-de-WhatsApp-2025-10-17-a-las-14.36.03_8dfd6573-768x576.jpg 768w, https:\/\/eldiariodesanpedro.com.ar\/sitio\/wp-content\/uploads\/2025\/10\/Imagen-de-WhatsApp-2025-10-17-a-las-14.36.03_8dfd6573-272x204.jpg 272w\" data-sizes=\"(max-width: 840px) 100vw, 840px\" src=\"data:image\/svg+xml;base64,PHN2ZyB3aWR0aD0iMSIgaGVpZ2h0PSIxIiB4bWxucz0iaHR0cDovL3d3dy53My5vcmcvMjAwMC9zdmciPjwvc3ZnPg==\" style=\"--smush-placeholder-width: 840px; --smush-placeholder-aspect-ratio: 840\/630;\" \/><\/figure><\/li><li class=\"wp-block-jetpack-slideshow_slide swiper-slide\"><figure><img decoding=\"async\" width=\"647\" height=\"630\" alt=\"\" class=\"wp-block-jetpack-slideshow_image wp-image-144545 lazyload\" data-id=\"144545\" data-src=\"https:\/\/eldiariodesanpedro.com.ar\/sitio\/wp-content\/uploads\/2025\/10\/Imagen-de-WhatsApp-2025-10-17-a-las-14.36.04_512d2c02.jpg\" data-srcset=\"https:\/\/eldiariodesanpedro.com.ar\/sitio\/wp-content\/uploads\/2025\/10\/Imagen-de-WhatsApp-2025-10-17-a-las-14.36.04_512d2c02.jpg 647w, https:\/\/eldiariodesanpedro.com.ar\/sitio\/wp-content\/uploads\/2025\/10\/Imagen-de-WhatsApp-2025-10-17-a-las-14.36.04_512d2c02-300x292.jpg 300w\" data-sizes=\"(max-width: 647px) 100vw, 647px\" src=\"data:image\/svg+xml;base64,PHN2ZyB3aWR0aD0iMSIgaGVpZ2h0PSIxIiB4bWxucz0iaHR0cDovL3d3dy53My5vcmcvMjAwMC9zdmciPjwvc3ZnPg==\" style=\"--smush-placeholder-width: 647px; --smush-placeholder-aspect-ratio: 647\/630;\" \/><\/figure><\/li><\/ul><a class=\"wp-block-jetpack-slideshow_button-prev swiper-button-prev swiper-button-white\" role=\"button\"><\/a><a class=\"wp-block-jetpack-slideshow_button-next swiper-button-next swiper-button-white\" role=\"button\"><\/a><a aria-label=\"Pause Slideshow\" class=\"wp-block-jetpack-slideshow_button-pause\" role=\"button\"><\/a><div class=\"wp-block-jetpack-slideshow_pagination swiper-pagination swiper-pagination-white\"><\/div><\/div><\/div>\n","protected":false},"excerpt":{"rendered":"<p>El Programa de Gesti\u00f3n Integral de Residuos con Inclusi\u00f3n Social alcanz\u00f3 m\u00e1s de 500 toneladas recuperadas, impulsando la econom\u00eda circular y el trabajo digno. La Municipalidad de San Pedro alcanz\u00f3 un nuevo logro en materia ambiental al superar las 500 toneladas de materiales reciclables recuperados desde la puesta en marcha del Programa de Gesti\u00f3n Integral [&hellip;]<\/p>\n","protected":false},"author":4,"featured_media":144542,"comment_status":"closed","ping_status":"closed","sticky":false,"template":"","format":"standard","meta":{"om_disable_all_campaigns":false,"_jetpack_memberships_contains_paid_content":false,"footnotes":""},"categories":[50,101,2],"tags":[2032,4111,6883,6003,4047,6882,4048,6881,19,4050],"class_list":["post-144541","post","type-post","status-publish","format-standard","has-post-thumbnail","hentry","category-destacadas","category-interes-general-locales","category-locales","tag-axel-kicillof","tag-economia-circular","tag-gustavo-sola","tag-inclusion-social","tag-medio-ambiente","tag-pgirsu","tag-reciclaje","tag-residuos-reciclables","tag-san-pedro","tag-sustentabilidad"],"aioseo_notices":[],"gutentor_comment":0,"jetpack_featured_media_url":"https:\/\/eldiariodesanpedro.com.ar\/sitio\/wp-content\/uploads\/2025\/10\/medida-1-21.jpg","jetpack_shortlink":"https:\/\/wp.me\/p6RhLt-BBj","jetpack_sharing_enabled":true,"_links":{"self":[{"href":"https:\/\/eldiariodesanpedro.com.ar\/sitio\/wp-json\/wp\/v2\/posts\/144541","targetHints":{"allow":["GET"]}}],"collection":[{"href":"https:\/\/eldiariodesanpedro.com.ar\/sitio\/wp-json\/wp\/v2\/posts"}],"about":[{"href":"https:\/\/eldiariodesanpedro.com.ar\/sitio\/wp-json\/wp\/v2\/types\/post"}],"author":[{"embeddable":true,"href":"https:\/\/eldiariodesanpedro.com.ar\/sitio\/wp-json\/wp\/v2\/users\/4"}],"replies":[{"embeddable":true,"href":"https:\/\/eldiariodesanpedro.com.ar\/sitio\/wp-json\/wp\/v2\/comments?post=144541"}],"version-history":[{"count":1,"href":"https:\/\/eldiariodesanpedro.com.ar\/sitio\/wp-json\/wp\/v2\/posts\/144541\/revisions"}],"predecessor-version":[{"id":144546,"href":"https:\/\/eldiariodesanpedro.com.ar\/sitio\/wp-json\/wp\/v2\/posts\/144541\/revisions\/144546"}],"wp:featuredmedia":[{"embeddable":true,"href":"https:\/\/eldiariodesanpedro.com.ar\/sitio\/wp-json\/wp\/v2\/media\/144542"}],"wp:attachment":[{"href":"https:\/\/eldiariodesanpedro.com.ar\/sitio\/wp-json\/wp\/v2\/media?parent=144541"}],"wp:term":[{"taxonomy":"category","embeddable":true,"href":"https:\/\/eldiariodesanpedro.com.ar\/sitio\/wp-json\/wp\/v2\/categories?post=144541"},{"taxonomy":"post_tag","embeddable":true,"href":"https:\/\/eldiariodesanpedro.com.ar\/sitio\/wp-json\/wp\/v2\/tags?post=144541"}],"curies":[{"name":"wp","href":"https:\/\/api.w.org\/{rel}","templated":true}]}}