{"id":14454,"date":"2017-02-10T08:33:26","date_gmt":"2017-02-10T11:33:26","guid":{"rendered":"https:\/\/eldiariodesanpedro.com.ar\/sitio\/?p=14454"},"modified":"2017-02-10T10:22:55","modified_gmt":"2017-02-10T13:22:55","slug":"trataron-de-usurpar-una-vivienda-en-pleno-centro","status":"publish","type":"post","link":"https:\/\/eldiariodesanpedro.com.ar\/sitio\/trataron-de-usurpar-una-vivienda-en-pleno-centro\/","title":{"rendered":"Trataron de usurpar una vivienda en pleno centro"},"content":{"rendered":"<p><!-- VideographyWP Plugin Message: Automatic video embedding prevented by plugin options. --><br \/>\nEn el d\u00eda de ayer personal policial se hizo presente en calle San Mart\u00edn al 255 en una vivienda la cual se encontraba deshabitada a ra\u00edz de la alerta de los vecinos linderos al lugar quienes advirtieron que la casa hab\u00eda sido usurpada a por tres mayores y cuatro menores. <\/p>\n<p>Alrededor de las 15:00 hs se hizo presente en el lugar responsable encargado de la morada y debido a no poseer contacto con los ocupantes que se hallaban en interior se lo invito a radicar la denuncia, tomando conocimiento en momentos en que mismo se hallaba en Dependencia que los ocupantes se retiraron por sus propios medios del lugar alrededor de las 17:00 hs tomando posesi\u00f3n nuevamente el responsable. <\/p>\n","protected":false},"excerpt":{"rendered":"<p>En el d\u00eda de ayer personal policial se hizo presente en calle San Mart\u00edn al 255 en una vivienda la cual se encontraba deshabitada a ra\u00edz de la alerta de los vecinos linderos al lugar quienes advirtieron que la casa hab\u00eda sido usurpada a por tres mayores y cuatro menores. Alrededor de las 15:00 hs [&hellip;]<\/p>\n","protected":false},"author":4,"featured_media":14455,"comment_status":"open","ping_status":"closed","sticky":false,"template":"","format":"standard","meta":{"om_disable_all_campaigns":false,"_jetpack_memberships_contains_paid_content":false,"footnotes":""},"categories":[50,2,103],"tags":[],"class_list":["post-14454","post","type-post","status-publish","format-standard","has-post-thumbnail","hentry","category-destacadas","category-locales","category-policiales-locales"],"aioseo_notices":[],"gutentor_comment":0,"jetpack_featured_media_url":"https:\/\/eldiariodesanpedro.com.ar\/sitio\/wp-content\/uploads\/2017\/02\/IMG_20170209_161212179-e1486732960414.jpg","jetpack_shortlink":"https:\/\/wp.me\/p6RhLt-3L8","jetpack_sharing_enabled":true,"_links":{"self":[{"href":"https:\/\/eldiariodesanpedro.com.ar\/sitio\/wp-json\/wp\/v2\/posts\/14454","targetHints":{"allow":["GET"]}}],"collection":[{"href":"https:\/\/eldiariodesanpedro.com.ar\/sitio\/wp-json\/wp\/v2\/posts"}],"about":[{"href":"https:\/\/eldiariodesanpedro.com.ar\/sitio\/wp-json\/wp\/v2\/types\/post"}],"author":[{"embeddable":true,"href":"https:\/\/eldiariodesanpedro.com.ar\/sitio\/wp-json\/wp\/v2\/users\/4"}],"replies":[{"embeddable":true,"href":"https:\/\/eldiariodesanpedro.com.ar\/sitio\/wp-json\/wp\/v2\/comments?post=14454"}],"version-history":[{"count":1,"href":"https:\/\/eldiariodesanpedro.com.ar\/sitio\/wp-json\/wp\/v2\/posts\/14454\/revisions"}],"predecessor-version":[{"id":14456,"href":"https:\/\/eldiariodesanpedro.com.ar\/sitio\/wp-json\/wp\/v2\/posts\/14454\/revisions\/14456"}],"wp:featuredmedia":[{"embeddable":true,"href":"https:\/\/eldiariodesanpedro.com.ar\/sitio\/wp-json\/wp\/v2\/media\/14455"}],"wp:attachment":[{"href":"https:\/\/eldiariodesanpedro.com.ar\/sitio\/wp-json\/wp\/v2\/media?parent=14454"}],"wp:term":[{"taxonomy":"category","embeddable":true,"href":"https:\/\/eldiariodesanpedro.com.ar\/sitio\/wp-json\/wp\/v2\/categories?post=14454"},{"taxonomy":"post_tag","embeddable":true,"href":"https:\/\/eldiariodesanpedro.com.ar\/sitio\/wp-json\/wp\/v2\/tags?post=14454"}],"curies":[{"name":"wp","href":"https:\/\/api.w.org\/{rel}","templated":true}]}}