{"id":144529,"date":"2025-10-17T16:53:35","date_gmt":"2025-10-17T19:53:35","guid":{"rendered":"https:\/\/eldiariodesanpedro.com.ar\/sitio\/?p=144529"},"modified":"2025-10-17T16:53:39","modified_gmt":"2025-10-17T19:53:39","slug":"inicio-de-la-intervencion-en-la-escalera-de-la-misericordia","status":"publish","type":"post","link":"https:\/\/eldiariodesanpedro.com.ar\/sitio\/inicio-de-la-intervencion-en-la-escalera-de-la-misericordia\/","title":{"rendered":"Inicio de la intervenci\u00f3n en la Escalera de la Misericordia"},"content":{"rendered":"<!-- VideographyWP Plugin Message: Automatic video embedding prevented by plugin options. -->\n\n<p>El Intendente Cecilio Salazar acompa\u00f1\u00f3 el inicio de la intervenci\u00f3n art\u00edstica en mosaico de la Escalera de la Misericordia, un nuevo espacio que une arte, fe y comunidad<\/p>\n\n\n\n<p>La <strong>Escalera de la Misericordia<\/strong> comenz\u00f3 a transformarse en un nuevo espacio de expresi\u00f3n y encuentro gracias a la <strong>intervenci\u00f3n art\u00edstica en mosaico<\/strong> impulsada por el programa municipal <strong>\u201cAnimate Vos Val\u00e9s\u201d<\/strong>. El <strong>Intendente Cecilio Salazar<\/strong> acompa\u00f1\u00f3 el inicio de los trabajos, destacando la importancia de fortalecer los talleres culturales como lugares de <strong>formaci\u00f3n, integraci\u00f3n y creatividad comunitaria<\/strong>.<\/p>\n\n\n\n<p>La jornada se inici\u00f3 con la <strong>bendici\u00f3n del Padre H\u00e9ctor Molfesa<\/strong>, quien resalt\u00f3 el valor simb\u00f3lico de la escalera como reflejo del camino de la vida y elev\u00f3 una oraci\u00f3n por la protecci\u00f3n del espacio y de quienes participan en el proyecto.<\/p>\n\n\n\n<p>La propuesta est\u00e1 coordinada por la <strong>arquitecta Mar\u00eda Luz M\u00e9ndez<\/strong>, responsable del <strong>taller de Mosaico<\/strong>, quien expres\u00f3 su satisfacci\u00f3n por el crecimiento de esta iniciativa que promueve la participaci\u00f3n vecinal y el arte colectivo. En esta primera etapa intervinieron las alumnas <strong>M\u00f3nica Alarc\u00f3n, Marcela Berdun, Mar\u00eda Elena Homar, Mechi Ramallo, Catalina Gir\u00e1ndola, Carolina Lammle, Mar\u00eda Luciana Aguilera, Ana Apertile, Vanesa Bracco y Pamela Laiseca<\/strong>.<\/p>\n\n\n\n<p>Durante el encuentro, el <strong>Intendente Salazar<\/strong> felicit\u00f3 a las participantes y agradeci\u00f3 la presencia del <strong>Padre Molfesa<\/strong>, del <strong>equipo de gobierno<\/strong>, de las <strong>gu\u00edas de turismo<\/strong> y de los <strong>vecinos y vecinas<\/strong> que se acercaron a acompa\u00f1ar esta primera etapa de una obra que revaloriza el <strong>patrimonio local<\/strong> y el <strong>esp\u00edritu solidario de San Pedro<\/strong>.<\/p>\n\n\n\n<p>#CulturaSanPedro #EscaleraDeLaMisericordia #ArteEnMosaico #AnimateVosVales #CecilioSalazar #MunicipalidadDeSanPedro #PatrimonioLocal #ArteComunitario<\/p>\n\n\n\n<div class=\"wp-block-jetpack-slideshow aligncenter\" data-effect=\"slide\"><div class=\"wp-block-jetpack-slideshow_container swiper-container\"><ul class=\"wp-block-jetpack-slideshow_swiper-wrapper swiper-wrapper\"><li class=\"wp-block-jetpack-slideshow_slide swiper-slide\"><figure><img decoding=\"async\" width=\"946\" height=\"630\" alt=\"\" class=\"wp-block-jetpack-slideshow_image wp-image-144533 lazyload\" data-id=\"144533\" data-src=\"https:\/\/eldiariodesanpedro.com.ar\/sitio\/wp-content\/uploads\/2025\/10\/Imagen-de-WhatsApp-2025-10-17-a-las-13.23.50_b14dcbde.jpg\" data-srcset=\"https:\/\/eldiariodesanpedro.com.ar\/sitio\/wp-content\/uploads\/2025\/10\/Imagen-de-WhatsApp-2025-10-17-a-las-13.23.50_b14dcbde.jpg 946w, https:\/\/eldiariodesanpedro.com.ar\/sitio\/wp-content\/uploads\/2025\/10\/Imagen-de-WhatsApp-2025-10-17-a-las-13.23.50_b14dcbde-300x200.jpg 300w, https:\/\/eldiariodesanpedro.com.ar\/sitio\/wp-content\/uploads\/2025\/10\/Imagen-de-WhatsApp-2025-10-17-a-las-13.23.50_b14dcbde-768x511.jpg 768w\" data-sizes=\"(max-width: 946px) 100vw, 946px\" src=\"data:image\/svg+xml;base64,PHN2ZyB3aWR0aD0iMSIgaGVpZ2h0PSIxIiB4bWxucz0iaHR0cDovL3d3dy53My5vcmcvMjAwMC9zdmciPjwvc3ZnPg==\" style=\"--smush-placeholder-width: 946px; --smush-placeholder-aspect-ratio: 946\/630;\" \/><\/figure><\/li><li class=\"wp-block-jetpack-slideshow_slide swiper-slide\"><figure><img decoding=\"async\" width=\"946\" height=\"630\" alt=\"\" class=\"wp-block-jetpack-slideshow_image wp-image-144532 lazyload\" data-id=\"144532\" data-src=\"https:\/\/eldiariodesanpedro.com.ar\/sitio\/wp-content\/uploads\/2025\/10\/Imagen-de-WhatsApp-2025-10-17-a-las-13.23.50_af8789d0.jpg\" data-srcset=\"https:\/\/eldiariodesanpedro.com.ar\/sitio\/wp-content\/uploads\/2025\/10\/Imagen-de-WhatsApp-2025-10-17-a-las-13.23.50_af8789d0.jpg 946w, https:\/\/eldiariodesanpedro.com.ar\/sitio\/wp-content\/uploads\/2025\/10\/Imagen-de-WhatsApp-2025-10-17-a-las-13.23.50_af8789d0-300x200.jpg 300w, https:\/\/eldiariodesanpedro.com.ar\/sitio\/wp-content\/uploads\/2025\/10\/Imagen-de-WhatsApp-2025-10-17-a-las-13.23.50_af8789d0-768x511.jpg 768w\" data-sizes=\"(max-width: 946px) 100vw, 946px\" src=\"data:image\/svg+xml;base64,PHN2ZyB3aWR0aD0iMSIgaGVpZ2h0PSIxIiB4bWxucz0iaHR0cDovL3d3dy53My5vcmcvMjAwMC9zdmciPjwvc3ZnPg==\" style=\"--smush-placeholder-width: 946px; --smush-placeholder-aspect-ratio: 946\/630;\" \/><\/figure><\/li><li class=\"wp-block-jetpack-slideshow_slide swiper-slide\"><figure><img decoding=\"async\" width=\"946\" height=\"630\" alt=\"\" class=\"wp-block-jetpack-slideshow_image wp-image-144531 lazyload\" data-id=\"144531\" data-src=\"https:\/\/eldiariodesanpedro.com.ar\/sitio\/wp-content\/uploads\/2025\/10\/Imagen-de-WhatsApp-2025-10-17-a-las-13.23.49_4fd4e8a0.jpg\" data-srcset=\"https:\/\/eldiariodesanpedro.com.ar\/sitio\/wp-content\/uploads\/2025\/10\/Imagen-de-WhatsApp-2025-10-17-a-las-13.23.49_4fd4e8a0.jpg 946w, https:\/\/eldiariodesanpedro.com.ar\/sitio\/wp-content\/uploads\/2025\/10\/Imagen-de-WhatsApp-2025-10-17-a-las-13.23.49_4fd4e8a0-300x200.jpg 300w, https:\/\/eldiariodesanpedro.com.ar\/sitio\/wp-content\/uploads\/2025\/10\/Imagen-de-WhatsApp-2025-10-17-a-las-13.23.49_4fd4e8a0-768x511.jpg 768w\" data-sizes=\"(max-width: 946px) 100vw, 946px\" src=\"data:image\/svg+xml;base64,PHN2ZyB3aWR0aD0iMSIgaGVpZ2h0PSIxIiB4bWxucz0iaHR0cDovL3d3dy53My5vcmcvMjAwMC9zdmciPjwvc3ZnPg==\" style=\"--smush-placeholder-width: 946px; --smush-placeholder-aspect-ratio: 946\/630;\" \/><\/figure><\/li><li class=\"wp-block-jetpack-slideshow_slide swiper-slide\"><figure><img decoding=\"async\" width=\"946\" height=\"630\" alt=\"\" class=\"wp-block-jetpack-slideshow_image wp-image-144530 lazyload\" data-id=\"144530\" data-src=\"https:\/\/eldiariodesanpedro.com.ar\/sitio\/wp-content\/uploads\/2025\/10\/Imagen-de-WhatsApp-2025-10-17-a-las-13.23.49_2f5b9a2c.jpg\" data-srcset=\"https:\/\/eldiariodesanpedro.com.ar\/sitio\/wp-content\/uploads\/2025\/10\/Imagen-de-WhatsApp-2025-10-17-a-las-13.23.49_2f5b9a2c.jpg 946w, https:\/\/eldiariodesanpedro.com.ar\/sitio\/wp-content\/uploads\/2025\/10\/Imagen-de-WhatsApp-2025-10-17-a-las-13.23.49_2f5b9a2c-300x200.jpg 300w, https:\/\/eldiariodesanpedro.com.ar\/sitio\/wp-content\/uploads\/2025\/10\/Imagen-de-WhatsApp-2025-10-17-a-las-13.23.49_2f5b9a2c-768x511.jpg 768w\" data-sizes=\"(max-width: 946px) 100vw, 946px\" src=\"data:image\/svg+xml;base64,PHN2ZyB3aWR0aD0iMSIgaGVpZ2h0PSIxIiB4bWxucz0iaHR0cDovL3d3dy53My5vcmcvMjAwMC9zdmciPjwvc3ZnPg==\" style=\"--smush-placeholder-width: 946px; --smush-placeholder-aspect-ratio: 946\/630;\" \/><\/figure><\/li><\/ul><a class=\"wp-block-jetpack-slideshow_button-prev swiper-button-prev swiper-button-white\" role=\"button\"><\/a><a class=\"wp-block-jetpack-slideshow_button-next swiper-button-next swiper-button-white\" role=\"button\"><\/a><a aria-label=\"Pause Slideshow\" class=\"wp-block-jetpack-slideshow_button-pause\" role=\"button\"><\/a><div class=\"wp-block-jetpack-slideshow_pagination swiper-pagination swiper-pagination-white\"><\/div><\/div><\/div>\n","protected":false},"excerpt":{"rendered":"<p>El Intendente Cecilio Salazar acompa\u00f1\u00f3 el inicio de la intervenci\u00f3n art\u00edstica en mosaico de la Escalera de la Misericordia, un nuevo espacio que une arte, fe y comunidad La Escalera de la Misericordia comenz\u00f3 a transformarse en un nuevo espacio de expresi\u00f3n y encuentro gracias a la intervenci\u00f3n art\u00edstica en mosaico impulsada por el programa [&hellip;]<\/p>\n","protected":false},"author":4,"featured_media":144532,"comment_status":"closed","ping_status":"closed","sticky":false,"template":"","format":"standard","meta":{"om_disable_all_campaigns":false,"_jetpack_memberships_contains_paid_content":false,"footnotes":""},"categories":[50,101,2],"tags":[6875,1059,6876,6873,6872,6874,6877],"class_list":["post-144529","post","type-post","status-publish","format-standard","has-post-thumbnail","hentry","category-destacadas","category-interes-general-locales","category-locales","tag-arte-comunitario-san-pedro","tag-cecilio-salazar","tag-cultura-sampedrina","tag-escalera-de-la-misericordia","tag-intervencion-artistica-en-mosaico","tag-programa-animate-vos-vales","tag-talleres-municipales"],"aioseo_notices":[],"gutentor_comment":0,"jetpack_featured_media_url":"https:\/\/eldiariodesanpedro.com.ar\/sitio\/wp-content\/uploads\/2025\/10\/Imagen-de-WhatsApp-2025-10-17-a-las-13.23.50_af8789d0.jpg","jetpack_shortlink":"https:\/\/wp.me\/p6RhLt-BB7","jetpack_sharing_enabled":true,"_links":{"self":[{"href":"https:\/\/eldiariodesanpedro.com.ar\/sitio\/wp-json\/wp\/v2\/posts\/144529","targetHints":{"allow":["GET"]}}],"collection":[{"href":"https:\/\/eldiariodesanpedro.com.ar\/sitio\/wp-json\/wp\/v2\/posts"}],"about":[{"href":"https:\/\/eldiariodesanpedro.com.ar\/sitio\/wp-json\/wp\/v2\/types\/post"}],"author":[{"embeddable":true,"href":"https:\/\/eldiariodesanpedro.com.ar\/sitio\/wp-json\/wp\/v2\/users\/4"}],"replies":[{"embeddable":true,"href":"https:\/\/eldiariodesanpedro.com.ar\/sitio\/wp-json\/wp\/v2\/comments?post=144529"}],"version-history":[{"count":1,"href":"https:\/\/eldiariodesanpedro.com.ar\/sitio\/wp-json\/wp\/v2\/posts\/144529\/revisions"}],"predecessor-version":[{"id":144534,"href":"https:\/\/eldiariodesanpedro.com.ar\/sitio\/wp-json\/wp\/v2\/posts\/144529\/revisions\/144534"}],"wp:featuredmedia":[{"embeddable":true,"href":"https:\/\/eldiariodesanpedro.com.ar\/sitio\/wp-json\/wp\/v2\/media\/144532"}],"wp:attachment":[{"href":"https:\/\/eldiariodesanpedro.com.ar\/sitio\/wp-json\/wp\/v2\/media?parent=144529"}],"wp:term":[{"taxonomy":"category","embeddable":true,"href":"https:\/\/eldiariodesanpedro.com.ar\/sitio\/wp-json\/wp\/v2\/categories?post=144529"},{"taxonomy":"post_tag","embeddable":true,"href":"https:\/\/eldiariodesanpedro.com.ar\/sitio\/wp-json\/wp\/v2\/tags?post=144529"}],"curies":[{"name":"wp","href":"https:\/\/api.w.org\/{rel}","templated":true}]}}