{"id":144516,"date":"2025-10-16T13:52:57","date_gmt":"2025-10-16T16:52:57","guid":{"rendered":"https:\/\/eldiariodesanpedro.com.ar\/sitio\/?p=144516"},"modified":"2025-10-16T13:53:02","modified_gmt":"2025-10-16T16:53:02","slug":"clase-abierta-de-baile-catalan-en-el-paseo-publico-municipal","status":"publish","type":"post","link":"https:\/\/eldiariodesanpedro.com.ar\/sitio\/clase-abierta-de-baile-catalan-en-el-paseo-publico-municipal\/","title":{"rendered":"Clase abierta de baile catal\u00e1n en el Paseo P\u00fablico Municipal"},"content":{"rendered":"<!-- VideographyWP Plugin Message: Automatic video embedding prevented by plugin options. -->\n\n<p>Una propuesta cultural gratuita invita a disfrutar de una clase abierta de baile catal\u00e1n en el Paseo P\u00fablico, con m\u00fasica, tradici\u00f3n y encuentro al aire libre.<\/p>\n\n\n\n<p>La <strong>Direcci\u00f3n de Cultura<\/strong>, dependiente de la <strong>Secretar\u00eda de Desarrollo de la Comunidad<\/strong>, invita a toda la comunidad a participar de una <strong>clase abierta y gratuita de baile catal\u00e1n<\/strong>, una propuesta que busca <strong>difundir las tradiciones de la cultura catalana<\/strong> a trav\u00e9s de la danza.<\/p>\n\n\n\n<p>La actividad se desarrollar\u00e1 el <strong>mi\u00e9rcoles 22 de octubre<\/strong>, de <strong>18:00 a 19:00 horas<\/strong>, en el <strong>escenario del Paseo P\u00fablico Municipal<\/strong>, y promete una tarde de <strong>recreaci\u00f3n, aprendizaje y disfrute<\/strong> en un entorno natural y familiar.<\/p>\n\n\n\n<p>Ni\u00f1os, ni\u00f1as y adultos podr\u00e1n compartir un espacio de <strong>encuentro, m\u00fasica y movimiento<\/strong>, en una jornada pensada para fortalecer los <strong>lazos culturales y comunitarios<\/strong> a trav\u00e9s de una de las danzas m\u00e1s representativas de la regi\u00f3n catalana.<\/p>\n\n\n\n<p>#CulturaSanPedro #BaileCatal\u00e1n #PaseoP\u00fablico #ClaseAbierta #Tradiciones #DanzaCatalana #DesarrolloDeLaComunidad #SanPedroCultural<\/p>\n\n\n\n<figure class=\"wp-block-image size-full\"><img decoding=\"async\" width=\"504\" height=\"630\" data-attachment-id=\"144518\" data-permalink=\"https:\/\/eldiariodesanpedro.com.ar\/sitio\/clase-abierta-de-baile-catalan-en-el-paseo-publico-municipal\/imagen-de-whatsapp-2025-10-16-a-las-13-23-31_eea5eb1d\/\" data-orig-file=\"https:\/\/eldiariodesanpedro.com.ar\/sitio\/wp-content\/uploads\/2025\/10\/Imagen-de-WhatsApp-2025-10-16-a-las-13.23.31_eea5eb1d.jpg\" data-orig-size=\"504,630\" data-comments-opened=\"0\" data-image-meta=\"{&quot;aperture&quot;:&quot;0&quot;,&quot;credit&quot;:&quot;&quot;,&quot;camera&quot;:&quot;&quot;,&quot;caption&quot;:&quot;&quot;,&quot;created_timestamp&quot;:&quot;0&quot;,&quot;copyright&quot;:&quot;&quot;,&quot;focal_length&quot;:&quot;0&quot;,&quot;iso&quot;:&quot;0&quot;,&quot;shutter_speed&quot;:&quot;0&quot;,&quot;title&quot;:&quot;&quot;,&quot;orientation&quot;:&quot;0&quot;}\" data-image-title=\"Imagen de WhatsApp 2025-10-16 a las 13.23.31_eea5eb1d\" data-image-description=\"\" data-image-caption=\"\" data-large-file=\"https:\/\/eldiariodesanpedro.com.ar\/sitio\/wp-content\/uploads\/2025\/10\/Imagen-de-WhatsApp-2025-10-16-a-las-13.23.31_eea5eb1d.jpg\" data-src=\"https:\/\/eldiariodesanpedro.com.ar\/sitio\/wp-content\/uploads\/2025\/10\/Imagen-de-WhatsApp-2025-10-16-a-las-13.23.31_eea5eb1d.jpg\" alt=\"\" class=\"wp-image-144518 lazyload\" data-srcset=\"https:\/\/eldiariodesanpedro.com.ar\/sitio\/wp-content\/uploads\/2025\/10\/Imagen-de-WhatsApp-2025-10-16-a-las-13.23.31_eea5eb1d.jpg 504w, https:\/\/eldiariodesanpedro.com.ar\/sitio\/wp-content\/uploads\/2025\/10\/Imagen-de-WhatsApp-2025-10-16-a-las-13.23.31_eea5eb1d-240x300.jpg 240w\" data-sizes=\"(max-width: 504px) 100vw, 504px\" src=\"data:image\/svg+xml;base64,PHN2ZyB3aWR0aD0iMSIgaGVpZ2h0PSIxIiB4bWxucz0iaHR0cDovL3d3dy53My5vcmcvMjAwMC9zdmciPjwvc3ZnPg==\" style=\"--smush-placeholder-width: 504px; --smush-placeholder-aspect-ratio: 504\/630;\" \/><\/figure>\n","protected":false},"excerpt":{"rendered":"<p>Una propuesta cultural gratuita invita a disfrutar de una clase abierta de baile catal\u00e1n en el Paseo P\u00fablico, con m\u00fasica, tradici\u00f3n y encuentro al aire libre. La Direcci\u00f3n de Cultura, dependiente de la Secretar\u00eda de Desarrollo de la Comunidad, invita a toda la comunidad a participar de una clase abierta y gratuita de baile catal\u00e1n, [&hellip;]<\/p>\n","protected":false},"author":4,"featured_media":144517,"comment_status":"closed","ping_status":"closed","sticky":false,"template":"","format":"standard","meta":{"om_disable_all_campaigns":false,"_jetpack_memberships_contains_paid_content":false,"footnotes":""},"categories":[101,2],"tags":[6862,6863,6866,6865,6864,6867,4085,5505],"class_list":["post-144516","post","type-post","status-publish","format-standard","has-post-thumbnail","hentry","category-interes-general-locales","category-locales","tag-baile-catalan","tag-clase-abierta","tag-cultura-catalana","tag-danza-tradicional","tag-direccion-de-cultura","tag-evento-cultural-san-pedro","tag-paseo-publico-municipal","tag-secretaria-de-desarrollo-de-la-comunidad"],"aioseo_notices":[],"gutentor_comment":0,"jetpack_featured_media_url":"https:\/\/eldiariodesanpedro.com.ar\/sitio\/wp-content\/uploads\/2025\/10\/medida-1-20.jpg","jetpack_shortlink":"https:\/\/wp.me\/p6RhLt-BAU","jetpack_sharing_enabled":true,"_links":{"self":[{"href":"https:\/\/eldiariodesanpedro.com.ar\/sitio\/wp-json\/wp\/v2\/posts\/144516","targetHints":{"allow":["GET"]}}],"collection":[{"href":"https:\/\/eldiariodesanpedro.com.ar\/sitio\/wp-json\/wp\/v2\/posts"}],"about":[{"href":"https:\/\/eldiariodesanpedro.com.ar\/sitio\/wp-json\/wp\/v2\/types\/post"}],"author":[{"embeddable":true,"href":"https:\/\/eldiariodesanpedro.com.ar\/sitio\/wp-json\/wp\/v2\/users\/4"}],"replies":[{"embeddable":true,"href":"https:\/\/eldiariodesanpedro.com.ar\/sitio\/wp-json\/wp\/v2\/comments?post=144516"}],"version-history":[{"count":1,"href":"https:\/\/eldiariodesanpedro.com.ar\/sitio\/wp-json\/wp\/v2\/posts\/144516\/revisions"}],"predecessor-version":[{"id":144519,"href":"https:\/\/eldiariodesanpedro.com.ar\/sitio\/wp-json\/wp\/v2\/posts\/144516\/revisions\/144519"}],"wp:featuredmedia":[{"embeddable":true,"href":"https:\/\/eldiariodesanpedro.com.ar\/sitio\/wp-json\/wp\/v2\/media\/144517"}],"wp:attachment":[{"href":"https:\/\/eldiariodesanpedro.com.ar\/sitio\/wp-json\/wp\/v2\/media?parent=144516"}],"wp:term":[{"taxonomy":"category","embeddable":true,"href":"https:\/\/eldiariodesanpedro.com.ar\/sitio\/wp-json\/wp\/v2\/categories?post=144516"},{"taxonomy":"post_tag","embeddable":true,"href":"https:\/\/eldiariodesanpedro.com.ar\/sitio\/wp-json\/wp\/v2\/tags?post=144516"}],"curies":[{"name":"wp","href":"https:\/\/api.w.org\/{rel}","templated":true}]}}