{"id":14451,"date":"2017-02-09T21:34:47","date_gmt":"2017-02-10T00:34:47","guid":{"rendered":"https:\/\/eldiariodesanpedro.com.ar\/sitio\/?p=14451"},"modified":"2026-01-24T00:31:05","modified_gmt":"2026-01-24T03:31:05","slug":"futbol-local-los-clubes-ya-estan-en-marcha-pensando-en-el-12-de-marzo","status":"publish","type":"post","link":"https:\/\/eldiariodesanpedro.com.ar\/sitio\/futbol-local-los-clubes-ya-estan-en-marcha-pensando-en-el-12-de-marzo\/","title":{"rendered":"F\u00daTBOL LOCAL: Los clubes ya est\u00e1n en marcha pensando en el 12 de marzo"},"content":{"rendered":"<p><!-- VideographyWP Plugin Message: Automatic video embedding prevented by plugin options. --><br \/>\nEl certamen local tiene fecha de comienzo, ser\u00e1 el 11 y 12 de marzo, aunque el formato de torneo reci\u00e9n el lunes pr\u00f3ximo se puede llegar a conocer. Cuatro son las propuestas de torneos, presentadas por los clubes Paran\u00e1, Gral. San Mart\u00edn, Am\u00e9rica y La Esperanza (podr\u00eda sumarse uno m\u00e1s de la Liga de Baradero, pero que no dista de los nombrados), proyectos que abarcan de un torneo largo a jugarlo en dos o tres zonas con variantes distintas de clasificaci\u00f3n y sistema de juego. <\/p>\n<p>En lo estrictamente futbol\u00edstico los equipos ya todos pusieron en marcha la pretemporada con vistas a tener un buen a\u00f1o. La primera incorporaci\u00f3n la realiz\u00f3 Las Palmeras sumando a Cristian D\u00edaz de Banfield. Justamente al \u00abTaladro\u00bb es probable que se sumen dos jugadores que pasaron por R\u00edo Tala, Carlos Balladares y Rodrigo Monsalvo, quienes expresaron a trav\u00e9s de la redes sociales su deseo de jugar en Banfield nuevamente, al igual que Mat\u00edas Meza, club que sum\u00f3 a la direcci\u00f3n t\u00e9cnica a Luciano Algacibiur, quien se desempe\u00f1aba en reserva, tras el alejamiento de \u00abpinino\u00bb Aguilar a CADU. <\/p>\n<p>Independencia tiene a Aldo Repetti; Paran\u00e1 ser\u00e1 dirigido por Federico Nouet, La Esperanza con Gerardo Biain; San Roque la vuelta de Horacio Neyra; Alejandro Caso comenz\u00f3 en Mitre; Servando D\u00edaz contin\u00faa en Agricultores; Geronimo Torres en Gral San Mart\u00edn; Javier Pistan volvi\u00f3 a Las Palmeras; Marcos Barlatay sigue en Sportivo; Gustavo Fortunato lo hace en Atl\u00e9tico, equipo que juega el Federal C; En Deportivo Alsina podr\u00eda ser nuevo entrenador un ex jugador; Am\u00e9rica con la continuidad de Leandro Gauna; en Central C\u00f3rdoba Juan V\u00e1zquez; La dupla Olivieri-Banegas est\u00e1n confirmados en Fundici\u00f3n FC; Rivadavia tendr\u00e1 a un ex jugador del club y el reciente reafiliado a la Liga de Baradero el Club Social y Deportivo de Irineo Portela a Julio Genoud.<\/p>\n","protected":false},"excerpt":{"rendered":"<p>El certamen local tiene fecha de comienzo, ser\u00e1 el 11 y 12 de marzo, aunque el formato de torneo reci\u00e9n el lunes pr\u00f3ximo se puede llegar a conocer. Cuatro son las propuestas de torneos, presentadas por los clubes Paran\u00e1, Gral. San Mart\u00edn, Am\u00e9rica y La Esperanza (podr\u00eda sumarse uno m\u00e1s de la Liga de Baradero, [&hellip;]<\/p>\n","protected":false},"author":4,"featured_media":11060,"comment_status":"open","ping_status":"closed","sticky":false,"template":"","format":"standard","meta":{"om_disable_all_campaigns":false,"_jetpack_memberships_contains_paid_content":false,"footnotes":""},"categories":[5],"tags":[],"class_list":["post-14451","post","type-post","status-publish","format-standard","has-post-thumbnail","hentry","category-deportes"],"aioseo_notices":[],"gutentor_comment":0,"jetpack_featured_media_url":"https:\/\/eldiariodesanpedro.com.ar\/sitio\/wp-content\/uploads\/2016\/12\/futbol-5.jpg","jetpack_shortlink":"https:\/\/wp.me\/p6RhLt-3L5","jetpack_sharing_enabled":true,"_links":{"self":[{"href":"https:\/\/eldiariodesanpedro.com.ar\/sitio\/wp-json\/wp\/v2\/posts\/14451","targetHints":{"allow":["GET"]}}],"collection":[{"href":"https:\/\/eldiariodesanpedro.com.ar\/sitio\/wp-json\/wp\/v2\/posts"}],"about":[{"href":"https:\/\/eldiariodesanpedro.com.ar\/sitio\/wp-json\/wp\/v2\/types\/post"}],"author":[{"embeddable":true,"href":"https:\/\/eldiariodesanpedro.com.ar\/sitio\/wp-json\/wp\/v2\/users\/4"}],"replies":[{"embeddable":true,"href":"https:\/\/eldiariodesanpedro.com.ar\/sitio\/wp-json\/wp\/v2\/comments?post=14451"}],"version-history":[{"count":1,"href":"https:\/\/eldiariodesanpedro.com.ar\/sitio\/wp-json\/wp\/v2\/posts\/14451\/revisions"}],"predecessor-version":[{"id":14452,"href":"https:\/\/eldiariodesanpedro.com.ar\/sitio\/wp-json\/wp\/v2\/posts\/14451\/revisions\/14452"}],"wp:featuredmedia":[{"embeddable":true,"href":"https:\/\/eldiariodesanpedro.com.ar\/sitio\/wp-json\/wp\/v2\/media\/11060"}],"wp:attachment":[{"href":"https:\/\/eldiariodesanpedro.com.ar\/sitio\/wp-json\/wp\/v2\/media?parent=14451"}],"wp:term":[{"taxonomy":"category","embeddable":true,"href":"https:\/\/eldiariodesanpedro.com.ar\/sitio\/wp-json\/wp\/v2\/categories?post=14451"},{"taxonomy":"post_tag","embeddable":true,"href":"https:\/\/eldiariodesanpedro.com.ar\/sitio\/wp-json\/wp\/v2\/tags?post=14451"}],"curies":[{"name":"wp","href":"https:\/\/api.w.org\/{rel}","templated":true}]}}