{"id":144509,"date":"2025-10-16T13:38:54","date_gmt":"2025-10-16T16:38:54","guid":{"rendered":"https:\/\/eldiariodesanpedro.com.ar\/sitio\/?p=144509"},"modified":"2025-10-16T13:38:58","modified_gmt":"2025-10-16T16:38:58","slug":"practica-de-yoga-del-programa-envion-en-la-cooperativa-de-canaletas","status":"publish","type":"post","link":"https:\/\/eldiariodesanpedro.com.ar\/sitio\/practica-de-yoga-del-programa-envion-en-la-cooperativa-de-canaletas\/","title":{"rendered":"Pr\u00e1ctica de yoga del Programa Envi\u00f3n en la Cooperativa de Canaletas"},"content":{"rendered":"<!-- VideographyWP Plugin Message: Automatic video embedding prevented by plugin options. -->\n\n<p>J\u00f3venes del Programa Envi\u00f3n participaron de una pr\u00e1ctica de yoga en la Cooperativa de Canaletas, promoviendo el bienestar f\u00edsico y emocional en un entorno natural.<\/p>\n\n\n\n<p>La <strong>sede de Envi\u00f3n Canaletas<\/strong>, dependiente de la <strong>Secretar\u00eda de Desarrollo de la Comunidad de la Municipalidad de San Pedro<\/strong>, llev\u00f3 adelante el <strong>mi\u00e9rcoles 15 una pr\u00e1ctica de yoga<\/strong> en la <strong>Cooperativa de Canaletas<\/strong>, en el marco de una propuesta impulsada por la coordinaci\u00f3n del programa.<\/p>\n\n\n\n<p>La actividad fue articulada junto a la <strong>profesora de yoga Brunella Peppo<\/strong>, quien brind\u00f3 generosamente sus conocimientos para que los participantes pudieran <strong>acceder a esta disciplina que fomenta el equilibrio entre cuerpo y mente<\/strong>, la relajaci\u00f3n y el bienestar integral.<\/p>\n\n\n\n<p>El encuentro se desarroll\u00f3 en un <strong>entorno natural y representativo del barrio<\/strong>, donde los j\u00f3venes disfrutaron de la <strong>conexi\u00f3n con el r\u00edo y un espacio de tranquilidad y reflexi\u00f3n<\/strong>.<br>Para cerrar la jornada, se comparti\u00f3 una <strong>merienda saludable a base de frutas<\/strong>, reforzando la <strong>promoci\u00f3n de h\u00e1bitos de vida sana<\/strong> y el <strong>cuidado integral del cuerpo y la mente<\/strong>.<\/p>\n\n\n\n<p>#ProgramaEnvion #YogaSanPedro #DesarrolloComunitario #BienestarJuvenil #CooperativaDeCanaletas #SanPedro<\/p>\n\n\n\n<div class=\"wp-block-jetpack-slideshow aligncenter\" data-effect=\"slide\"><div class=\"wp-block-jetpack-slideshow_container swiper-container\"><ul class=\"wp-block-jetpack-slideshow_swiper-wrapper swiper-wrapper\"><li class=\"wp-block-jetpack-slideshow_slide swiper-slide\"><figure><img decoding=\"async\" width=\"473\" height=\"630\" alt=\"\" class=\"wp-block-jetpack-slideshow_image wp-image-144512 lazyload\" data-id=\"144512\" data-src=\"https:\/\/eldiariodesanpedro.com.ar\/sitio\/wp-content\/uploads\/2025\/10\/Imagen-de-WhatsApp-2025-10-16-a-las-12.28.26_c5cb707d-1.jpg\" data-srcset=\"https:\/\/eldiariodesanpedro.com.ar\/sitio\/wp-content\/uploads\/2025\/10\/Imagen-de-WhatsApp-2025-10-16-a-las-12.28.26_c5cb707d-1.jpg 473w, https:\/\/eldiariodesanpedro.com.ar\/sitio\/wp-content\/uploads\/2025\/10\/Imagen-de-WhatsApp-2025-10-16-a-las-12.28.26_c5cb707d-1-225x300.jpg 225w\" data-sizes=\"(max-width: 473px) 100vw, 473px\" src=\"data:image\/svg+xml;base64,PHN2ZyB3aWR0aD0iMSIgaGVpZ2h0PSIxIiB4bWxucz0iaHR0cDovL3d3dy53My5vcmcvMjAwMC9zdmciPjwvc3ZnPg==\" style=\"--smush-placeholder-width: 473px; --smush-placeholder-aspect-ratio: 473\/630;\" \/><\/figure><\/li><li class=\"wp-block-jetpack-slideshow_slide swiper-slide\"><figure><img decoding=\"async\" width=\"473\" height=\"630\" alt=\"\" class=\"wp-block-jetpack-slideshow_image wp-image-144513 lazyload\" data-id=\"144513\" data-src=\"https:\/\/eldiariodesanpedro.com.ar\/sitio\/wp-content\/uploads\/2025\/10\/Imagen-de-WhatsApp-2025-10-16-a-las-12.28.27_2cd7d15a.jpg\" data-srcset=\"https:\/\/eldiariodesanpedro.com.ar\/sitio\/wp-content\/uploads\/2025\/10\/Imagen-de-WhatsApp-2025-10-16-a-las-12.28.27_2cd7d15a.jpg 473w, https:\/\/eldiariodesanpedro.com.ar\/sitio\/wp-content\/uploads\/2025\/10\/Imagen-de-WhatsApp-2025-10-16-a-las-12.28.27_2cd7d15a-225x300.jpg 225w\" data-sizes=\"(max-width: 473px) 100vw, 473px\" src=\"data:image\/svg+xml;base64,PHN2ZyB3aWR0aD0iMSIgaGVpZ2h0PSIxIiB4bWxucz0iaHR0cDovL3d3dy53My5vcmcvMjAwMC9zdmciPjwvc3ZnPg==\" style=\"--smush-placeholder-width: 473px; --smush-placeholder-aspect-ratio: 473\/630;\" \/><\/figure><\/li><li class=\"wp-block-jetpack-slideshow_slide swiper-slide\"><figure><img decoding=\"async\" width=\"473\" height=\"630\" alt=\"\" class=\"wp-block-jetpack-slideshow_image wp-image-144514 lazyload\" data-id=\"144514\" data-src=\"https:\/\/eldiariodesanpedro.com.ar\/sitio\/wp-content\/uploads\/2025\/10\/Imagen-de-WhatsApp-2025-10-16-a-las-12.28.27_da72a260.jpg\" data-srcset=\"https:\/\/eldiariodesanpedro.com.ar\/sitio\/wp-content\/uploads\/2025\/10\/Imagen-de-WhatsApp-2025-10-16-a-las-12.28.27_da72a260.jpg 473w, https:\/\/eldiariodesanpedro.com.ar\/sitio\/wp-content\/uploads\/2025\/10\/Imagen-de-WhatsApp-2025-10-16-a-las-12.28.27_da72a260-225x300.jpg 225w\" data-sizes=\"(max-width: 473px) 100vw, 473px\" src=\"data:image\/svg+xml;base64,PHN2ZyB3aWR0aD0iMSIgaGVpZ2h0PSIxIiB4bWxucz0iaHR0cDovL3d3dy53My5vcmcvMjAwMC9zdmciPjwvc3ZnPg==\" style=\"--smush-placeholder-width: 473px; --smush-placeholder-aspect-ratio: 473\/630;\" \/><\/figure><\/li><\/ul><a class=\"wp-block-jetpack-slideshow_button-prev swiper-button-prev swiper-button-white\" role=\"button\"><\/a><a class=\"wp-block-jetpack-slideshow_button-next swiper-button-next swiper-button-white\" role=\"button\"><\/a><a aria-label=\"Pause Slideshow\" class=\"wp-block-jetpack-slideshow_button-pause\" role=\"button\"><\/a><div class=\"wp-block-jetpack-slideshow_pagination swiper-pagination swiper-pagination-white\"><\/div><\/div><\/div>\n","protected":false},"excerpt":{"rendered":"<p>J\u00f3venes del Programa Envi\u00f3n participaron de una pr\u00e1ctica de yoga en la Cooperativa de Canaletas, promoviendo el bienestar f\u00edsico y emocional en un entorno natural. La sede de Envi\u00f3n Canaletas, dependiente de la Secretar\u00eda de Desarrollo de la Comunidad de la Municipalidad de San Pedro, llev\u00f3 adelante el mi\u00e9rcoles 15 una pr\u00e1ctica de yoga en [&hellip;]<\/p>\n","protected":false},"author":4,"featured_media":144510,"comment_status":"closed","ping_status":"closed","sticky":false,"template":"","format":"standard","meta":{"om_disable_all_campaigns":false,"_jetpack_memberships_contains_paid_content":false,"footnotes":""},"categories":[101,2],"tags":[6861,6859,6857,6860,6858,5505,6856],"class_list":["post-144509","post","type-post","status-publish","format-standard","has-post-thumbnail","hentry","category-interes-general-locales","category-locales","tag-actividades-saludables","tag-bienestar-fisico-y-emocional","tag-brunella-peppo","tag-jovenes-san-pedro","tag-programa-envion-san-pedro","tag-secretaria-de-desarrollo-de-la-comunidad","tag-yoga-canaletas"],"aioseo_notices":[],"gutentor_comment":0,"jetpack_featured_media_url":"https:\/\/eldiariodesanpedro.com.ar\/sitio\/wp-content\/uploads\/2025\/10\/Imagen-de-WhatsApp-2025-10-16-a-las-12.28.26_fac608df.jpg","jetpack_shortlink":"https:\/\/wp.me\/p6RhLt-BAN","jetpack_sharing_enabled":true,"_links":{"self":[{"href":"https:\/\/eldiariodesanpedro.com.ar\/sitio\/wp-json\/wp\/v2\/posts\/144509","targetHints":{"allow":["GET"]}}],"collection":[{"href":"https:\/\/eldiariodesanpedro.com.ar\/sitio\/wp-json\/wp\/v2\/posts"}],"about":[{"href":"https:\/\/eldiariodesanpedro.com.ar\/sitio\/wp-json\/wp\/v2\/types\/post"}],"author":[{"embeddable":true,"href":"https:\/\/eldiariodesanpedro.com.ar\/sitio\/wp-json\/wp\/v2\/users\/4"}],"replies":[{"embeddable":true,"href":"https:\/\/eldiariodesanpedro.com.ar\/sitio\/wp-json\/wp\/v2\/comments?post=144509"}],"version-history":[{"count":1,"href":"https:\/\/eldiariodesanpedro.com.ar\/sitio\/wp-json\/wp\/v2\/posts\/144509\/revisions"}],"predecessor-version":[{"id":144515,"href":"https:\/\/eldiariodesanpedro.com.ar\/sitio\/wp-json\/wp\/v2\/posts\/144509\/revisions\/144515"}],"wp:featuredmedia":[{"embeddable":true,"href":"https:\/\/eldiariodesanpedro.com.ar\/sitio\/wp-json\/wp\/v2\/media\/144510"}],"wp:attachment":[{"href":"https:\/\/eldiariodesanpedro.com.ar\/sitio\/wp-json\/wp\/v2\/media?parent=144509"}],"wp:term":[{"taxonomy":"category","embeddable":true,"href":"https:\/\/eldiariodesanpedro.com.ar\/sitio\/wp-json\/wp\/v2\/categories?post=144509"},{"taxonomy":"post_tag","embeddable":true,"href":"https:\/\/eldiariodesanpedro.com.ar\/sitio\/wp-json\/wp\/v2\/tags?post=144509"}],"curies":[{"name":"wp","href":"https:\/\/api.w.org\/{rel}","templated":true}]}}