{"id":144501,"date":"2025-10-16T13:25:58","date_gmt":"2025-10-16T16:25:58","guid":{"rendered":"https:\/\/eldiariodesanpedro.com.ar\/sitio\/?p=144501"},"modified":"2025-10-16T13:26:03","modified_gmt":"2025-10-16T16:26:03","slug":"entrega-de-plantas-frutales-a-productores-en-el-marco-del-programa-de-fomento-a-la-fruticultura-bonaerense","status":"publish","type":"post","link":"https:\/\/eldiariodesanpedro.com.ar\/sitio\/entrega-de-plantas-frutales-a-productores-en-el-marco-del-programa-de-fomento-a-la-fruticultura-bonaerense\/","title":{"rendered":"Entrega de plantas frutales a productores en el marco del Programa de Fomento a la Fruticultura Bonaerense"},"content":{"rendered":"<!-- VideographyWP Plugin Message: Automatic video embedding prevented by plugin options. -->\n\n<p>Productores de San Pedro, Baradero, Campana y Z\u00e1rate recibieron plantas frutales en el marco del Programa de Fomento a la Fruticultura Bonaerense, impulsado por la Provincia y el Municipio.<\/p>\n\n\n\n<p>En el marco del <strong>Programa de Fomento a la Fruticultura Bonaerense<\/strong>, la <strong>Secretar\u00eda de Desarrollo Econ\u00f3mico de la Municipalidad de San Pedro<\/strong>, en conjunto con el <strong>Ministerio de Desarrollo Agrario de la Provincia de Buenos Aires<\/strong>, llev\u00f3 adelante una <strong>nueva entrega de plantas frutales<\/strong> destinada a <strong>productores locales y regionales<\/strong> que forman parte de esta importante iniciativa.<\/p>\n\n\n\n<p>La actividad tuvo lugar en la <strong>Escuela Secundaria Agraria N\u00b0 1 de R\u00edo Tala<\/strong>, y cont\u00f3 con la participaci\u00f3n de la <strong>Ing. Agr. Renata Valgiusti<\/strong>, directora provincial de Horticultura, Fruticultura y Floricultura, junto a su equipo t\u00e9cnico. Tambi\u00e9n estuvieron presentes el <strong>Subsecretario de Desarrollo Econ\u00f3mico, Ariel \u00c1lvarez<\/strong>, y el <strong>Coordinador de Producci\u00f3n, Hugo Ram\u00edrez<\/strong>.<\/p>\n\n\n\n<p>Desde el municipio destacaron <strong>el compromiso y la participaci\u00f3n de los productores y productoras<\/strong> que se sumaron al programa, cuyo objetivo es <strong>fortalecer la fruticultura bonaerense<\/strong>, <strong>diversificar la producci\u00f3n<\/strong> y <strong>promover un desarrollo sostenible del sector agropecuario<\/strong> en toda la regi\u00f3n.<\/p>\n\n\n\n<p>Esta entrega forma parte de una pol\u00edtica integral que busca <strong>impulsar la producci\u00f3n local<\/strong>, generar <strong>mayor valor agregado<\/strong> y <strong>mejorar la competitividad del sector frut\u00edcola<\/strong>, acompa\u00f1ando a las familias rurales con herramientas concretas para su crecimiento.<\/p>\n\n\n\n<p>#SanPedro #FruticulturaBonaerense #Producci\u00f3nLocal #DesarrolloEcon\u00f3mico #AgriculturaSustentable #MinisterioDeDesarrolloAgrario #R\u00edoTala #Productores<\/p>\n\n\n\n<div class=\"wp-block-jetpack-slideshow aligncenter\" data-effect=\"slide\"><div class=\"wp-block-jetpack-slideshow_container swiper-container\"><ul class=\"wp-block-jetpack-slideshow_swiper-wrapper swiper-wrapper\"><li class=\"wp-block-jetpack-slideshow_slide swiper-slide\"><figure><img decoding=\"async\" width=\"473\" height=\"630\" alt=\"\" class=\"wp-block-jetpack-slideshow_image wp-image-144504 lazyload\" data-id=\"144504\" data-src=\"https:\/\/eldiariodesanpedro.com.ar\/sitio\/wp-content\/uploads\/2025\/10\/Imagen-de-WhatsApp-2025-10-16-a-las-11.38.37_d4345160.jpg\" data-srcset=\"https:\/\/eldiariodesanpedro.com.ar\/sitio\/wp-content\/uploads\/2025\/10\/Imagen-de-WhatsApp-2025-10-16-a-las-11.38.37_d4345160.jpg 473w, https:\/\/eldiariodesanpedro.com.ar\/sitio\/wp-content\/uploads\/2025\/10\/Imagen-de-WhatsApp-2025-10-16-a-las-11.38.37_d4345160-225x300.jpg 225w\" data-sizes=\"(max-width: 473px) 100vw, 473px\" src=\"data:image\/svg+xml;base64,PHN2ZyB3aWR0aD0iMSIgaGVpZ2h0PSIxIiB4bWxucz0iaHR0cDovL3d3dy53My5vcmcvMjAwMC9zdmciPjwvc3ZnPg==\" style=\"--smush-placeholder-width: 473px; --smush-placeholder-aspect-ratio: 473\/630;\" \/><\/figure><\/li><li class=\"wp-block-jetpack-slideshow_slide swiper-slide\"><figure><img decoding=\"async\" width=\"473\" height=\"630\" alt=\"\" class=\"wp-block-jetpack-slideshow_image wp-image-144503 lazyload\" data-id=\"144503\" data-src=\"https:\/\/eldiariodesanpedro.com.ar\/sitio\/wp-content\/uploads\/2025\/10\/Imagen-de-WhatsApp-2025-10-16-a-las-11.38.38_4a8015f0.jpg\" data-srcset=\"https:\/\/eldiariodesanpedro.com.ar\/sitio\/wp-content\/uploads\/2025\/10\/Imagen-de-WhatsApp-2025-10-16-a-las-11.38.38_4a8015f0.jpg 473w, https:\/\/eldiariodesanpedro.com.ar\/sitio\/wp-content\/uploads\/2025\/10\/Imagen-de-WhatsApp-2025-10-16-a-las-11.38.38_4a8015f0-225x300.jpg 225w\" data-sizes=\"(max-width: 473px) 100vw, 473px\" src=\"data:image\/svg+xml;base64,PHN2ZyB3aWR0aD0iMSIgaGVpZ2h0PSIxIiB4bWxucz0iaHR0cDovL3d3dy53My5vcmcvMjAwMC9zdmciPjwvc3ZnPg==\" style=\"--smush-placeholder-width: 473px; --smush-placeholder-aspect-ratio: 473\/630;\" \/><\/figure><\/li><li class=\"wp-block-jetpack-slideshow_slide swiper-slide\"><figure><img decoding=\"async\" width=\"473\" height=\"630\" alt=\"\" class=\"wp-block-jetpack-slideshow_image wp-image-144506 lazyload\" data-id=\"144506\" data-src=\"https:\/\/eldiariodesanpedro.com.ar\/sitio\/wp-content\/uploads\/2025\/10\/Imagen-de-WhatsApp-2025-10-16-a-las-11.38.38_b7b87c3e.jpg\" data-srcset=\"https:\/\/eldiariodesanpedro.com.ar\/sitio\/wp-content\/uploads\/2025\/10\/Imagen-de-WhatsApp-2025-10-16-a-las-11.38.38_b7b87c3e.jpg 473w, https:\/\/eldiariodesanpedro.com.ar\/sitio\/wp-content\/uploads\/2025\/10\/Imagen-de-WhatsApp-2025-10-16-a-las-11.38.38_b7b87c3e-225x300.jpg 225w\" data-sizes=\"(max-width: 473px) 100vw, 473px\" src=\"data:image\/svg+xml;base64,PHN2ZyB3aWR0aD0iMSIgaGVpZ2h0PSIxIiB4bWxucz0iaHR0cDovL3d3dy53My5vcmcvMjAwMC9zdmciPjwvc3ZnPg==\" style=\"--smush-placeholder-width: 473px; --smush-placeholder-aspect-ratio: 473\/630;\" \/><\/figure><\/li><li class=\"wp-block-jetpack-slideshow_slide swiper-slide\"><figure><img decoding=\"async\" width=\"473\" height=\"630\" alt=\"\" class=\"wp-block-jetpack-slideshow_image wp-image-144505 lazyload\" data-id=\"144505\" data-src=\"https:\/\/eldiariodesanpedro.com.ar\/sitio\/wp-content\/uploads\/2025\/10\/Imagen-de-WhatsApp-2025-10-16-a-las-11.38.38_bcc2ae93.jpg\" data-srcset=\"https:\/\/eldiariodesanpedro.com.ar\/sitio\/wp-content\/uploads\/2025\/10\/Imagen-de-WhatsApp-2025-10-16-a-las-11.38.38_bcc2ae93.jpg 473w, https:\/\/eldiariodesanpedro.com.ar\/sitio\/wp-content\/uploads\/2025\/10\/Imagen-de-WhatsApp-2025-10-16-a-las-11.38.38_bcc2ae93-225x300.jpg 225w\" data-sizes=\"(max-width: 473px) 100vw, 473px\" src=\"data:image\/svg+xml;base64,PHN2ZyB3aWR0aD0iMSIgaGVpZ2h0PSIxIiB4bWxucz0iaHR0cDovL3d3dy53My5vcmcvMjAwMC9zdmciPjwvc3ZnPg==\" style=\"--smush-placeholder-width: 473px; --smush-placeholder-aspect-ratio: 473\/630;\" \/><\/figure><\/li><li class=\"wp-block-jetpack-slideshow_slide swiper-slide\"><figure><img decoding=\"async\" width=\"473\" height=\"630\" alt=\"\" class=\"wp-block-jetpack-slideshow_image wp-image-144507 lazyload\" data-id=\"144507\" data-src=\"https:\/\/eldiariodesanpedro.com.ar\/sitio\/wp-content\/uploads\/2025\/10\/Imagen-de-WhatsApp-2025-10-16-a-las-11.38.38_dbfd3b94.jpg\" data-srcset=\"https:\/\/eldiariodesanpedro.com.ar\/sitio\/wp-content\/uploads\/2025\/10\/Imagen-de-WhatsApp-2025-10-16-a-las-11.38.38_dbfd3b94.jpg 473w, https:\/\/eldiariodesanpedro.com.ar\/sitio\/wp-content\/uploads\/2025\/10\/Imagen-de-WhatsApp-2025-10-16-a-las-11.38.38_dbfd3b94-225x300.jpg 225w\" data-sizes=\"(max-width: 473px) 100vw, 473px\" src=\"data:image\/svg+xml;base64,PHN2ZyB3aWR0aD0iMSIgaGVpZ2h0PSIxIiB4bWxucz0iaHR0cDovL3d3dy53My5vcmcvMjAwMC9zdmciPjwvc3ZnPg==\" style=\"--smush-placeholder-width: 473px; --smush-placeholder-aspect-ratio: 473\/630;\" \/><\/figure><\/li><\/ul><a class=\"wp-block-jetpack-slideshow_button-prev swiper-button-prev swiper-button-white\" role=\"button\"><\/a><a class=\"wp-block-jetpack-slideshow_button-next swiper-button-next swiper-button-white\" role=\"button\"><\/a><a aria-label=\"Pause Slideshow\" class=\"wp-block-jetpack-slideshow_button-pause\" role=\"button\"><\/a><div class=\"wp-block-jetpack-slideshow_pagination swiper-pagination swiper-pagination-white\"><\/div><\/div><\/div>\n","protected":false},"excerpt":{"rendered":"<p>Productores de San Pedro, Baradero, Campana y Z\u00e1rate recibieron plantas frutales en el marco del Programa de Fomento a la Fruticultura Bonaerense, impulsado por la Provincia y el Municipio. En el marco del Programa de Fomento a la Fruticultura Bonaerense, la Secretar\u00eda de Desarrollo Econ\u00f3mico de la Municipalidad de San Pedro, en conjunto con el [&hellip;]<\/p>\n","protected":false},"author":4,"featured_media":144502,"comment_status":"closed","ping_status":"closed","sticky":false,"template":"","format":"standard","meta":{"om_disable_all_campaigns":false,"_jetpack_memberships_contains_paid_content":false,"footnotes":""},"categories":[101,2],"tags":[6852,6854,6773,6850,6851,4180,6853,6076,6855,2381,19],"class_list":["post-144501","post","type-post","status-publish","format-standard","has-post-thumbnail","hentry","category-interes-general-locales","category-locales","tag-agricultura-sustentable","tag-ariel-alvarez","tag-desarrollo-economico","tag-entrega-de-plantas-frutales","tag-fruticultura-bonaerense","tag-ministerio-de-desarrollo-agrario","tag-produccion-fruticola","tag-productores-locales","tag-renata-valgiusti","tag-rio-tala-2","tag-san-pedro"],"aioseo_notices":[],"gutentor_comment":0,"jetpack_featured_media_url":"https:\/\/eldiariodesanpedro.com.ar\/sitio\/wp-content\/uploads\/2025\/10\/medida-1-19.jpg","jetpack_shortlink":"https:\/\/wp.me\/p6RhLt-BAF","jetpack_sharing_enabled":true,"_links":{"self":[{"href":"https:\/\/eldiariodesanpedro.com.ar\/sitio\/wp-json\/wp\/v2\/posts\/144501","targetHints":{"allow":["GET"]}}],"collection":[{"href":"https:\/\/eldiariodesanpedro.com.ar\/sitio\/wp-json\/wp\/v2\/posts"}],"about":[{"href":"https:\/\/eldiariodesanpedro.com.ar\/sitio\/wp-json\/wp\/v2\/types\/post"}],"author":[{"embeddable":true,"href":"https:\/\/eldiariodesanpedro.com.ar\/sitio\/wp-json\/wp\/v2\/users\/4"}],"replies":[{"embeddable":true,"href":"https:\/\/eldiariodesanpedro.com.ar\/sitio\/wp-json\/wp\/v2\/comments?post=144501"}],"version-history":[{"count":1,"href":"https:\/\/eldiariodesanpedro.com.ar\/sitio\/wp-json\/wp\/v2\/posts\/144501\/revisions"}],"predecessor-version":[{"id":144508,"href":"https:\/\/eldiariodesanpedro.com.ar\/sitio\/wp-json\/wp\/v2\/posts\/144501\/revisions\/144508"}],"wp:featuredmedia":[{"embeddable":true,"href":"https:\/\/eldiariodesanpedro.com.ar\/sitio\/wp-json\/wp\/v2\/media\/144502"}],"wp:attachment":[{"href":"https:\/\/eldiariodesanpedro.com.ar\/sitio\/wp-json\/wp\/v2\/media?parent=144501"}],"wp:term":[{"taxonomy":"category","embeddable":true,"href":"https:\/\/eldiariodesanpedro.com.ar\/sitio\/wp-json\/wp\/v2\/categories?post=144501"},{"taxonomy":"post_tag","embeddable":true,"href":"https:\/\/eldiariodesanpedro.com.ar\/sitio\/wp-json\/wp\/v2\/tags?post=144501"}],"curies":[{"name":"wp","href":"https:\/\/api.w.org\/{rel}","templated":true}]}}