{"id":144498,"date":"2025-10-16T13:11:36","date_gmt":"2025-10-16T16:11:36","guid":{"rendered":"https:\/\/eldiariodesanpedro.com.ar\/sitio\/?p=144498"},"modified":"2025-10-16T13:11:41","modified_gmt":"2025-10-16T16:11:41","slug":"colision-entre-dos-automoviles-dejo-una-mujer-con-lesiones-leves","status":"publish","type":"post","link":"https:\/\/eldiariodesanpedro.com.ar\/sitio\/colision-entre-dos-automoviles-dejo-una-mujer-con-lesiones-leves\/","title":{"rendered":"Colisi\u00f3n entre dos autom\u00f3viles dej\u00f3 una mujer con lesiones leves"},"content":{"rendered":"<!-- VideographyWP Plugin Message: Automatic video embedding prevented by plugin options. -->\n\n<p>Una mujer de 29 a\u00f1os result\u00f3 con lesiones leves tras un choque entre dos autos en la intersecci\u00f3n de 25 de Mayo y Fray Cayetano Rodr\u00edguez.<\/p>\n\n\n\n<p>Personal policial acudi\u00f3 a un <strong>accidente de tr\u00e1nsito<\/strong> registrado en la intersecci\u00f3n de <strong>25 de Mayo y Fray Cayetano Rodr\u00edguez<\/strong>, donde por <strong>razones que se tratan de establecer<\/strong>, colisionaron un <strong>Volkswagen Fox<\/strong> conducido por una <strong>joven de 17 a\u00f1os<\/strong>, acompa\u00f1ada por otra de la misma edad, y un <strong>Renault Clio<\/strong> guiado por una <strong>mujer de 29 a\u00f1os<\/strong>.<\/p>\n\n\n\n<p>Como consecuencia del impacto, la <strong>conductora del Renault Clio<\/strong> fue trasladada <strong>consciente al Hospital Subzonal San Pedro<\/strong>, donde se constat\u00f3 que presentaba <strong>lesiones leves<\/strong>, sin riesgo de vida.<\/p>\n\n\n\n<p>En el hecho interviene la <strong>UFI Joven de San Nicol\u00e1s<\/strong>, que tom\u00f3 conocimiento del siniestro y continuar\u00e1 con las actuaciones correspondientes para determinar las causas del accidente.<\/p>\n\n\n\n<p>#AccidenteDeTr\u00e1nsito #SanPedro #Choque #LesionesLeves #Policiales #UFISanNicol\u00e1s #SeguridadVial<\/p>\n","protected":false},"excerpt":{"rendered":"<p>Una mujer de 29 a\u00f1os result\u00f3 con lesiones leves tras un choque entre dos autos en la intersecci\u00f3n de 25 de Mayo y Fray Cayetano Rodr\u00edguez. Personal policial acudi\u00f3 a un accidente de tr\u00e1nsito registrado en la intersecci\u00f3n de 25 de Mayo y Fray Cayetano Rodr\u00edguez, donde por razones que se tratan de establecer, colisionaron [&hellip;]<\/p>\n","protected":false},"author":4,"featured_media":144499,"comment_status":"closed","ping_status":"closed","sticky":false,"template":"","format":"standard","meta":{"om_disable_all_campaigns":false,"_jetpack_memberships_contains_paid_content":false,"footnotes":""},"categories":[2,103],"tags":[3612,461,6849,3951,6847,19,6848,6846],"class_list":["post-144498","post","type-post","status-publish","format-standard","has-post-thumbnail","hentry","category-locales","category-policiales-locales","tag-accidente-de-transito-2","tag-choque","tag-hospital-subzonal","tag-lesiones-leves","tag-renault-clio","tag-san-pedro","tag-ufi-joven-san-nicolas","tag-volkswagen-fox"],"aioseo_notices":[],"gutentor_comment":0,"jetpack_featured_media_url":"https:\/\/eldiariodesanpedro.com.ar\/sitio\/wp-content\/uploads\/2025\/10\/8.jpg","jetpack_shortlink":"https:\/\/wp.me\/p6RhLt-BAC","jetpack_sharing_enabled":true,"_links":{"self":[{"href":"https:\/\/eldiariodesanpedro.com.ar\/sitio\/wp-json\/wp\/v2\/posts\/144498","targetHints":{"allow":["GET"]}}],"collection":[{"href":"https:\/\/eldiariodesanpedro.com.ar\/sitio\/wp-json\/wp\/v2\/posts"}],"about":[{"href":"https:\/\/eldiariodesanpedro.com.ar\/sitio\/wp-json\/wp\/v2\/types\/post"}],"author":[{"embeddable":true,"href":"https:\/\/eldiariodesanpedro.com.ar\/sitio\/wp-json\/wp\/v2\/users\/4"}],"replies":[{"embeddable":true,"href":"https:\/\/eldiariodesanpedro.com.ar\/sitio\/wp-json\/wp\/v2\/comments?post=144498"}],"version-history":[{"count":1,"href":"https:\/\/eldiariodesanpedro.com.ar\/sitio\/wp-json\/wp\/v2\/posts\/144498\/revisions"}],"predecessor-version":[{"id":144500,"href":"https:\/\/eldiariodesanpedro.com.ar\/sitio\/wp-json\/wp\/v2\/posts\/144498\/revisions\/144500"}],"wp:featuredmedia":[{"embeddable":true,"href":"https:\/\/eldiariodesanpedro.com.ar\/sitio\/wp-json\/wp\/v2\/media\/144499"}],"wp:attachment":[{"href":"https:\/\/eldiariodesanpedro.com.ar\/sitio\/wp-json\/wp\/v2\/media?parent=144498"}],"wp:term":[{"taxonomy":"category","embeddable":true,"href":"https:\/\/eldiariodesanpedro.com.ar\/sitio\/wp-json\/wp\/v2\/categories?post=144498"},{"taxonomy":"post_tag","embeddable":true,"href":"https:\/\/eldiariodesanpedro.com.ar\/sitio\/wp-json\/wp\/v2\/tags?post=144498"}],"curies":[{"name":"wp","href":"https:\/\/api.w.org\/{rel}","templated":true}]}}