{"id":144485,"date":"2025-10-16T11:22:44","date_gmt":"2025-10-16T14:22:44","guid":{"rendered":"https:\/\/eldiariodesanpedro.com.ar\/sitio\/?p=144485"},"modified":"2025-10-16T11:22:48","modified_gmt":"2025-10-16T14:22:48","slug":"accidente-entre-camioneta-y-motocicleta-dejo-un-herido-leve","status":"publish","type":"post","link":"https:\/\/eldiariodesanpedro.com.ar\/sitio\/accidente-entre-camioneta-y-motocicleta-dejo-un-herido-leve\/","title":{"rendered":"Accidente entre camioneta y motocicleta dej\u00f3 un herido leve"},"content":{"rendered":"<!-- VideographyWP Plugin Message: Automatic video embedding prevented by plugin options. -->\n\n<p>Un motociclista de 26 a\u00f1os sufri\u00f3 lesiones leves tras colisionar con una camioneta en calle R\u00f3mulo Na\u00f3n al 2400. Interviene la Fiscal\u00eda local.<\/p>\n\n\n\n<p>En la ma\u00f1ana de ayer, <strong>personal policial acudi\u00f3 a un llamado de emergencia<\/strong> por un <strong>accidente de tr\u00e1nsito<\/strong> ocurrido en <strong>calle R\u00f3mulo Na\u00f3n al 2400<\/strong>, en esta ciudad.<\/p>\n\n\n\n<p>Por causas que a\u00fan <strong>se tratan de establecer<\/strong>, <strong>una camioneta Ford F100 blanca<\/strong>, conducida por un <strong>hombre de 45 a\u00f1os<\/strong>, <strong>colision\u00f3 con una motocicleta Honda 150 cc Titan<\/strong>, guiada por un <strong>joven de 26 a\u00f1os<\/strong>.<\/p>\n\n\n\n<p>Como consecuencia del impacto, <strong>el motociclista fue trasladado consciente al Hospital local<\/strong>, donde <strong>se constat\u00f3 que presentaba lesiones leves<\/strong>.<\/p>\n\n\n\n<p><strong>Interviene la Fiscal\u00eda local<\/strong>, que lleva adelante las actuaciones correspondientes para determinar las circunstancias del siniestro.<\/p>\n\n\n\n<p>#AccidenteDeTr\u00e1nsito #SanPedro #LesionesLeves #Polic\u00edaSanPedro #Fiscal\u00edaLocal #SeguridadVial #Emergencias<\/p>\n","protected":false},"excerpt":{"rendered":"<p>Un motociclista de 26 a\u00f1os sufri\u00f3 lesiones leves tras colisionar con una camioneta en calle R\u00f3mulo Na\u00f3n al 2400. Interviene la Fiscal\u00eda local. En la ma\u00f1ana de ayer, personal policial acudi\u00f3 a un llamado de emergencia por un accidente de tr\u00e1nsito ocurrido en calle R\u00f3mulo Na\u00f3n al 2400, en esta ciudad. Por causas que a\u00fan [&hellip;]<\/p>\n","protected":false},"author":4,"featured_media":144486,"comment_status":"closed","ping_status":"closed","sticky":false,"template":"","format":"standard","meta":{"om_disable_all_campaigns":false,"_jetpack_memberships_contains_paid_content":false,"footnotes":""},"categories":[50,2,103],"tags":[5204,1016,6832,5418,6834,5129,5053,6833],"class_list":["post-144485","post","type-post","status-publish","format-standard","has-post-thumbnail","hentry","category-destacadas","category-locales","category-policiales-locales","tag-accidente-de-transito-san-pedro","tag-ambulancia","tag-colision-moto-camioneta","tag-fiscalia-local","tag-herido-leve","tag-hospital-emilio-ruffa","tag-policia-san-pedro","tag-romulo-naon"],"aioseo_notices":[],"gutentor_comment":0,"jetpack_featured_media_url":"https:\/\/eldiariodesanpedro.com.ar\/sitio\/wp-content\/uploads\/2025\/10\/3-2.jpg","jetpack_shortlink":"https:\/\/wp.me\/p6RhLt-BAp","jetpack_sharing_enabled":true,"_links":{"self":[{"href":"https:\/\/eldiariodesanpedro.com.ar\/sitio\/wp-json\/wp\/v2\/posts\/144485","targetHints":{"allow":["GET"]}}],"collection":[{"href":"https:\/\/eldiariodesanpedro.com.ar\/sitio\/wp-json\/wp\/v2\/posts"}],"about":[{"href":"https:\/\/eldiariodesanpedro.com.ar\/sitio\/wp-json\/wp\/v2\/types\/post"}],"author":[{"embeddable":true,"href":"https:\/\/eldiariodesanpedro.com.ar\/sitio\/wp-json\/wp\/v2\/users\/4"}],"replies":[{"embeddable":true,"href":"https:\/\/eldiariodesanpedro.com.ar\/sitio\/wp-json\/wp\/v2\/comments?post=144485"}],"version-history":[{"count":1,"href":"https:\/\/eldiariodesanpedro.com.ar\/sitio\/wp-json\/wp\/v2\/posts\/144485\/revisions"}],"predecessor-version":[{"id":144487,"href":"https:\/\/eldiariodesanpedro.com.ar\/sitio\/wp-json\/wp\/v2\/posts\/144485\/revisions\/144487"}],"wp:featuredmedia":[{"embeddable":true,"href":"https:\/\/eldiariodesanpedro.com.ar\/sitio\/wp-json\/wp\/v2\/media\/144486"}],"wp:attachment":[{"href":"https:\/\/eldiariodesanpedro.com.ar\/sitio\/wp-json\/wp\/v2\/media?parent=144485"}],"wp:term":[{"taxonomy":"category","embeddable":true,"href":"https:\/\/eldiariodesanpedro.com.ar\/sitio\/wp-json\/wp\/v2\/categories?post=144485"},{"taxonomy":"post_tag","embeddable":true,"href":"https:\/\/eldiariodesanpedro.com.ar\/sitio\/wp-json\/wp\/v2\/tags?post=144485"}],"curies":[{"name":"wp","href":"https:\/\/api.w.org\/{rel}","templated":true}]}}