{"id":14445,"date":"2017-02-09T21:32:29","date_gmt":"2017-02-10T00:32:29","guid":{"rendered":"https:\/\/eldiariodesanpedro.com.ar\/sitio\/?p=14445"},"modified":"2026-01-24T00:31:05","modified_gmt":"2026-01-24T03:31:05","slug":"escuela-municipal-de-deportes-dio-inicio-en-el-cic-clases-de-boxeo","status":"publish","type":"post","link":"https:\/\/eldiariodesanpedro.com.ar\/sitio\/escuela-municipal-de-deportes-dio-inicio-en-el-cic-clases-de-boxeo\/","title":{"rendered":"ESCUELA MUNICIPAL DE DEPORTES: Dio inicio en el CIC clases de boxeo"},"content":{"rendered":"<p><!-- VideographyWP Plugin Message: Automatic video embedding prevented by plugin options. --><br \/>\nEl municipio,  a trav\u00e9s de la Direcci\u00f3n de Deportes, entreg\u00f3 al CIC importante equipamiento para la escuela de boxeo gratuita a cargo del entrenador Carlos Vargas que funciona en el edificio de lunes a viernes de 17.00 a 19.00. <\/p>\n<p>Se entregaron, entre otros, guantes, bolsas de boxeo, colchonetas, vendas y mancuernas.  El Intendente,  acompa\u00f1ado por la Secretaria de Desarrollo Humano Karina Chiarella y el Director de Deportes Fernando Bennazar particip\u00f3 de la entrega.  <\/p>\n<p>Estuvieron presentes tambi\u00e9n los ediles Franco, Paz, Garavaglia, Otero y Pelletier. Es el primero de una serie de proyectos en todo el partido de San Pedro.<\/p>\n<div data-carousel-extra='{&quot;blog_id&quot;:1,&quot;permalink&quot;:&quot;https:\/\/eldiariodesanpedro.com.ar\/sitio\/escuela-municipal-de-deportes-dio-inicio-en-el-cic-clases-de-boxeo\/&quot;}' id='gallery-1' class='gallery galleryid-14445 gallery-columns-3 gallery-size-large'><figure class='gallery-item'>\n\t\t\t<div class='gallery-icon landscape'>\n\t\t\t\t<a href='https:\/\/eldiariodesanpedro.com.ar\/sitio\/escuela-municipal-de-deportes-dio-inicio-en-el-cic-clases-de-boxeo\/el-hermoso-salon-del-cic-junto-al-entrenador-y-sus-alumnos\/'><img decoding=\"async\" width=\"640\" height=\"426\" data-src=\"https:\/\/eldiariodesanpedro.com.ar\/sitio\/wp-content\/uploads\/2017\/02\/El-hermoso-sal\u00f3n-del-CIC-junto-al-entrenador-y-sus-alumnos.jpg\" class=\"attachment-large size-large lazyload\" alt=\"El Diario de San Pedro | Noticias locales y regionales\" data-srcset=\"https:\/\/eldiariodesanpedro.com.ar\/sitio\/wp-content\/uploads\/2017\/02\/El-hermoso-sal\u00f3n-del-CIC-junto-al-entrenador-y-sus-alumnos.jpg 950w, https:\/\/eldiariodesanpedro.com.ar\/sitio\/wp-content\/uploads\/2017\/02\/El-hermoso-sal\u00f3n-del-CIC-junto-al-entrenador-y-sus-alumnos-300x200.jpg 300w, https:\/\/eldiariodesanpedro.com.ar\/sitio\/wp-content\/uploads\/2017\/02\/El-hermoso-sal\u00f3n-del-CIC-junto-al-entrenador-y-sus-alumnos-768x512.jpg 768w\" data-sizes=\"(max-width: 640px) 100vw, 640px\" data-attachment-id=\"14448\" data-permalink=\"https:\/\/eldiariodesanpedro.com.ar\/sitio\/escuela-municipal-de-deportes-dio-inicio-en-el-cic-clases-de-boxeo\/el-hermoso-salon-del-cic-junto-al-entrenador-y-sus-alumnos\/\" data-orig-file=\"https:\/\/eldiariodesanpedro.com.ar\/sitio\/wp-content\/uploads\/2017\/02\/El-hermoso-sal\u00f3n-del-CIC-junto-al-entrenador-y-sus-alumnos.jpg\" data-orig-size=\"950,633\" data-comments-opened=\"1\" data-image-meta=\"{&quot;aperture&quot;:&quot;0&quot;,&quot;credit&quot;:&quot;&quot;,&quot;camera&quot;:&quot;&quot;,&quot;caption&quot;:&quot;&quot;,&quot;created_timestamp&quot;:&quot;0&quot;,&quot;copyright&quot;:&quot;&quot;,&quot;focal_length&quot;:&quot;0&quot;,&quot;iso&quot;:&quot;0&quot;,&quot;shutter_speed&quot;:&quot;0&quot;,&quot;title&quot;:&quot;&quot;,&quot;orientation&quot;:&quot;0&quot;}\" data-image-title=\"El hermoso sal\u00f3n del CIC junto al entrenador y sus alumnos\" data-image-description=\"\" data-image-caption=\"\" data-large-file=\"https:\/\/eldiariodesanpedro.com.ar\/sitio\/wp-content\/uploads\/2017\/02\/El-hermoso-sal\u00f3n-del-CIC-junto-al-entrenador-y-sus-alumnos.jpg\" src=\"data:image\/svg+xml;base64,PHN2ZyB3aWR0aD0iMSIgaGVpZ2h0PSIxIiB4bWxucz0iaHR0cDovL3d3dy53My5vcmcvMjAwMC9zdmciPjwvc3ZnPg==\" style=\"--smush-placeholder-width: 640px; --smush-placeholder-aspect-ratio: 640\/426;\" \/><\/a>\n\t\t\t<\/div><\/figure><figure class='gallery-item'>\n\t\t\t<div class='gallery-icon landscape'>\n\t\t\t\t<a href='https:\/\/eldiariodesanpedro.com.ar\/sitio\/escuela-municipal-de-deportes-dio-inicio-en-el-cic-clases-de-boxeo\/la-alegria-de-los-chicos-del-barrio-los-guantes-por-primera-vez\/'><img decoding=\"async\" width=\"640\" height=\"371\" data-src=\"https:\/\/eldiariodesanpedro.com.ar\/sitio\/wp-content\/uploads\/2017\/02\/La-alegr\u00eda-de-los-chicos-del-barrio.-Los-guantes-por-primera-vez.jpg\" class=\"attachment-large size-large lazyload\" alt=\"El Diario de San Pedro | Noticias locales y regionales\" data-srcset=\"https:\/\/eldiariodesanpedro.com.ar\/sitio\/wp-content\/uploads\/2017\/02\/La-alegr\u00eda-de-los-chicos-del-barrio.-Los-guantes-por-primera-vez.jpg 903w, https:\/\/eldiariodesanpedro.com.ar\/sitio\/wp-content\/uploads\/2017\/02\/La-alegr\u00eda-de-los-chicos-del-barrio.-Los-guantes-por-primera-vez-300x174.jpg 300w, https:\/\/eldiariodesanpedro.com.ar\/sitio\/wp-content\/uploads\/2017\/02\/La-alegr\u00eda-de-los-chicos-del-barrio.-Los-guantes-por-primera-vez-768x445.jpg 768w\" data-sizes=\"(max-width: 640px) 100vw, 640px\" data-attachment-id=\"14449\" data-permalink=\"https:\/\/eldiariodesanpedro.com.ar\/sitio\/escuela-municipal-de-deportes-dio-inicio-en-el-cic-clases-de-boxeo\/la-alegria-de-los-chicos-del-barrio-los-guantes-por-primera-vez\/\" data-orig-file=\"https:\/\/eldiariodesanpedro.com.ar\/sitio\/wp-content\/uploads\/2017\/02\/La-alegr\u00eda-de-los-chicos-del-barrio.-Los-guantes-por-primera-vez.jpg\" data-orig-size=\"903,523\" data-comments-opened=\"1\" data-image-meta=\"{&quot;aperture&quot;:&quot;0&quot;,&quot;credit&quot;:&quot;&quot;,&quot;camera&quot;:&quot;&quot;,&quot;caption&quot;:&quot;&quot;,&quot;created_timestamp&quot;:&quot;0&quot;,&quot;copyright&quot;:&quot;&quot;,&quot;focal_length&quot;:&quot;0&quot;,&quot;iso&quot;:&quot;0&quot;,&quot;shutter_speed&quot;:&quot;0&quot;,&quot;title&quot;:&quot;&quot;,&quot;orientation&quot;:&quot;0&quot;}\" data-image-title=\"La alegr\u00eda de los chicos del barrio. Los guantes por primera vez\" data-image-description=\"\" data-image-caption=\"\" data-large-file=\"https:\/\/eldiariodesanpedro.com.ar\/sitio\/wp-content\/uploads\/2017\/02\/La-alegr\u00eda-de-los-chicos-del-barrio.-Los-guantes-por-primera-vez.jpg\" src=\"data:image\/svg+xml;base64,PHN2ZyB3aWR0aD0iMSIgaGVpZ2h0PSIxIiB4bWxucz0iaHR0cDovL3d3dy53My5vcmcvMjAwMC9zdmciPjwvc3ZnPg==\" style=\"--smush-placeholder-width: 640px; --smush-placeholder-aspect-ratio: 640\/371;\" \/><\/a>\n\t\t\t<\/div><\/figure>\n\t\t<\/div>\n\n","protected":false},"excerpt":{"rendered":"<p>El municipio, a trav\u00e9s de la Direcci\u00f3n de Deportes, entreg\u00f3 al CIC importante equipamiento para la escuela de boxeo gratuita a cargo del entrenador Carlos Vargas que funciona en el edificio de lunes a viernes de 17.00 a 19.00. Se entregaron, entre otros, guantes, bolsas de boxeo, colchonetas, vendas y mancuernas. El Intendente, acompa\u00f1ado por [&hellip;]<\/p>\n","protected":false},"author":4,"featured_media":14446,"comment_status":"open","ping_status":"closed","sticky":false,"template":"","format":"standard","meta":{"om_disable_all_campaigns":false,"_jetpack_memberships_contains_paid_content":false,"footnotes":""},"categories":[5],"tags":[],"class_list":["post-14445","post","type-post","status-publish","format-standard","has-post-thumbnail","hentry","category-deportes"],"aioseo_notices":[],"gutentor_comment":0,"jetpack_featured_media_url":"https:\/\/eldiariodesanpedro.com.ar\/sitio\/wp-content\/uploads\/2017\/02\/El-Intendente-Municipal-Cecilio-Salazar-acompa\u00f1\u00f3-el-lanzamiento-de-la-propuesta.jpg","jetpack_shortlink":"https:\/\/wp.me\/p6RhLt-3KZ","jetpack_sharing_enabled":true,"_links":{"self":[{"href":"https:\/\/eldiariodesanpedro.com.ar\/sitio\/wp-json\/wp\/v2\/posts\/14445","targetHints":{"allow":["GET"]}}],"collection":[{"href":"https:\/\/eldiariodesanpedro.com.ar\/sitio\/wp-json\/wp\/v2\/posts"}],"about":[{"href":"https:\/\/eldiariodesanpedro.com.ar\/sitio\/wp-json\/wp\/v2\/types\/post"}],"author":[{"embeddable":true,"href":"https:\/\/eldiariodesanpedro.com.ar\/sitio\/wp-json\/wp\/v2\/users\/4"}],"replies":[{"embeddable":true,"href":"https:\/\/eldiariodesanpedro.com.ar\/sitio\/wp-json\/wp\/v2\/comments?post=14445"}],"version-history":[{"count":1,"href":"https:\/\/eldiariodesanpedro.com.ar\/sitio\/wp-json\/wp\/v2\/posts\/14445\/revisions"}],"predecessor-version":[{"id":14450,"href":"https:\/\/eldiariodesanpedro.com.ar\/sitio\/wp-json\/wp\/v2\/posts\/14445\/revisions\/14450"}],"wp:featuredmedia":[{"embeddable":true,"href":"https:\/\/eldiariodesanpedro.com.ar\/sitio\/wp-json\/wp\/v2\/media\/14446"}],"wp:attachment":[{"href":"https:\/\/eldiariodesanpedro.com.ar\/sitio\/wp-json\/wp\/v2\/media?parent=14445"}],"wp:term":[{"taxonomy":"category","embeddable":true,"href":"https:\/\/eldiariodesanpedro.com.ar\/sitio\/wp-json\/wp\/v2\/categories?post=14445"},{"taxonomy":"post_tag","embeddable":true,"href":"https:\/\/eldiariodesanpedro.com.ar\/sitio\/wp-json\/wp\/v2\/tags?post=14445"}],"curies":[{"name":"wp","href":"https:\/\/api.w.org\/{rel}","templated":true}]}}