{"id":144422,"date":"2025-10-15T13:58:08","date_gmt":"2025-10-15T16:58:08","guid":{"rendered":"https:\/\/eldiariodesanpedro.com.ar\/sitio\/?p=144422"},"modified":"2025-10-15T13:58:13","modified_gmt":"2025-10-15T16:58:13","slug":"asamblea-general-extraordinaria-de-cooperativa-de-provision-de-servicios-electricos-publicos-y-sociales-de-san-pedro-limitada-coopser","status":"publish","type":"post","link":"https:\/\/eldiariodesanpedro.com.ar\/sitio\/asamblea-general-extraordinaria-de-cooperativa-de-provision-de-servicios-electricos-publicos-y-sociales-de-san-pedro-limitada-coopser\/","title":{"rendered":"Asamblea General Extraordinaria de Cooperativa de Provisi\u00f3n de Servicios El\u00e9ctricos, P\u00fablicos y Sociales de San Pedro Limitada (Coopser)"},"content":{"rendered":"<!-- VideographyWP Plugin Message: Automatic video embedding prevented by plugin options. -->\n\n<p class=\"has-text-align-center\"><strong>Asamblea General Extraordinaria<br>Convocatoria<\/strong><\/p>\n\n\n\n<p>De conformidad con lo establecido en el Estatuto Social, convocase a los Se\u00f1ores Delegados de Distritos de la Cooperativa de Provisi\u00f3n de Servicios El\u00e9ctricos, P\u00fablicos y Sociales de San Pedro Limitada, para el d\u00eda 30 de Octubre de 2025, a las 21. 30 horas, a Asamblea General Extraordinaria a realizarse en el Sindicato de Luz y Fuerza de la Zona del Paran\u00e1, sito en calle Belgrano 1260 de San Pedro, a fin de considerarse el siguiente:<\/p>\n\n\n\n<p class=\"has-text-align-center\"><strong>Orden del D\u00eda<\/strong><\/p>\n\n\n\n<ol class=\"wp-block-list\">\n<li>Elecci\u00f3n del Presidente de la presente Asamblea y de dos Delegados Asamble\u00edstas para que firmen conjuntamente con el Presidente y Secretario del Consejo de Administraci\u00f3n el Acta de la Asamblea.<\/li>\n\n\n\n<li>Autorizaci\u00f3n para contraer empr\u00e9stito con el FONDO FIDUCIARIO PROGRAMA DE MEJORA DE INFRAESTRUCTURA DE LA PROVINCIA DE BUENOS AIRES (PROMEI) , afectado a la obra denominada Nueva L\u00ednea A\u00e9rea de Alta Tensi\u00f3n de 132 kV de 47 km que vincule la ET Villa L\u00eda Transba de 220\/132 kV 150 MVA con la ET Baradero -Transba de 132\/33\/13,2 kV 2&#215;30\/20\/30 MVA y de un campo completo de salida de l\u00ednea en 132 kV en la ET Baradero -Transba para vincular la ET con la Nueva LAT Villa L\u00eda-Baradero.<\/li>\n<\/ol>\n\n\n\n<p class=\"has-text-align-right\">San Pedro, 14 de Octubre de 2025.-.<\/p>\n\n\n\n<p>Notas: Las Asambleas de Delegados se rigen por el Cap\u00edtulo VI del Estatuto Social. Las Asambleas se realizar\u00e1n v\u00e1lidamente sea cual fuere el n\u00famero de asistentes, una (1) hora despu\u00e9s de la fijada en la Convocatoria si antes no se hubiera reunido la mitad m\u00e1s uno de los Delegados en su caso.<\/p>\n","protected":false},"excerpt":{"rendered":"<p>Asamblea General ExtraordinariaConvocatoria De conformidad con lo establecido en el Estatuto Social, convocase a los Se\u00f1ores Delegados de Distritos de la Cooperativa de Provisi\u00f3n de Servicios El\u00e9ctricos, P\u00fablicos y Sociales de San Pedro Limitada, para el d\u00eda 30 de Octubre de 2025, a las 21. 30 horas, a Asamblea General Extraordinaria a realizarse en el [&hellip;]<\/p>\n","protected":false},"author":4,"featured_media":123150,"comment_status":"closed","ping_status":"closed","sticky":false,"template":"","format":"standard","meta":{"om_disable_all_campaigns":false,"_jetpack_memberships_contains_paid_content":false,"footnotes":""},"categories":[678,676],"tags":[6783,1046],"class_list":["post-144422","post","type-post","status-publish","format-standard","has-post-thumbnail","hentry","category-convocatorias","category-edictos","tag-asamblea-general-extraordinaria","tag-coopser"],"aioseo_notices":[],"gutentor_comment":0,"jetpack_featured_media_url":"https:\/\/eldiariodesanpedro.com.ar\/sitio\/wp-content\/uploads\/2023\/10\/Coopser-2023-octubre.jpg","jetpack_shortlink":"https:\/\/wp.me\/p6RhLt-Bzo","jetpack_sharing_enabled":true,"_links":{"self":[{"href":"https:\/\/eldiariodesanpedro.com.ar\/sitio\/wp-json\/wp\/v2\/posts\/144422","targetHints":{"allow":["GET"]}}],"collection":[{"href":"https:\/\/eldiariodesanpedro.com.ar\/sitio\/wp-json\/wp\/v2\/posts"}],"about":[{"href":"https:\/\/eldiariodesanpedro.com.ar\/sitio\/wp-json\/wp\/v2\/types\/post"}],"author":[{"embeddable":true,"href":"https:\/\/eldiariodesanpedro.com.ar\/sitio\/wp-json\/wp\/v2\/users\/4"}],"replies":[{"embeddable":true,"href":"https:\/\/eldiariodesanpedro.com.ar\/sitio\/wp-json\/wp\/v2\/comments?post=144422"}],"version-history":[{"count":1,"href":"https:\/\/eldiariodesanpedro.com.ar\/sitio\/wp-json\/wp\/v2\/posts\/144422\/revisions"}],"predecessor-version":[{"id":144425,"href":"https:\/\/eldiariodesanpedro.com.ar\/sitio\/wp-json\/wp\/v2\/posts\/144422\/revisions\/144425"}],"wp:featuredmedia":[{"embeddable":true,"href":"https:\/\/eldiariodesanpedro.com.ar\/sitio\/wp-json\/wp\/v2\/media\/123150"}],"wp:attachment":[{"href":"https:\/\/eldiariodesanpedro.com.ar\/sitio\/wp-json\/wp\/v2\/media?parent=144422"}],"wp:term":[{"taxonomy":"category","embeddable":true,"href":"https:\/\/eldiariodesanpedro.com.ar\/sitio\/wp-json\/wp\/v2\/categories?post=144422"},{"taxonomy":"post_tag","embeddable":true,"href":"https:\/\/eldiariodesanpedro.com.ar\/sitio\/wp-json\/wp\/v2\/tags?post=144422"}],"curies":[{"name":"wp","href":"https:\/\/api.w.org\/{rel}","templated":true}]}}