{"id":14438,"date":"2017-02-09T21:21:27","date_gmt":"2017-02-10T00:21:27","guid":{"rendered":"https:\/\/eldiariodesanpedro.com.ar\/sitio\/?p=14438"},"modified":"2026-01-23T23:14:34","modified_gmt":"2026-01-24T02:14:34","slug":"el-gobierno-aseguro-que-a-franco-macri-no-se-le-perdono-un-mango","status":"publish","type":"post","link":"https:\/\/eldiariodesanpedro.com.ar\/sitio\/el-gobierno-aseguro-que-a-franco-macri-no-se-le-perdono-un-mango\/","title":{"rendered":"El Gobierno asegur\u00f3 que a Franco Macri \u00abno se le perdon\u00f3 un mango\u00bb"},"content":{"rendered":"<p><!-- VideographyWP Plugin Message: Automatic video embedding prevented by plugin options. --><br \/>\n(NA) &#8211; El Gobierno rechaz\u00f3 hoy las cr\u00edticas al acuerdo arribado con la empresa Correo Argentino S.A. para cobrar una deuda millonaria que data del 2001 y asegur\u00f3 que al empresario Franco Macri \u00abno se le perdon\u00f3 un mango, ni siquiera los intereses\u00bb de ese pasivo.<\/p>\n<p>   En medio de la pol\u00e9mica por el caso, diputados nacionales del Frente para la Victoria y dirigentes de Nuevo Encuentro realizaron denuncias ante la Justicia contra el presidente Mauricio Macri y el ministro de Comunicaciones, Oscar Aguad, por la presunta comisi\u00f3n de los delitos de fraude en perjuicio de la Administraci\u00f3n P\u00fablica y negociaciones incompatibles con el ejercicio de funciones p\u00fablicas.<\/p>\n<p>   El encargado de explicar la postura oficial fue el director de Asuntos Jur\u00eddicos del Ministerio de Comunicaci\u00f3n, Juan Carlos Mocoroa, quien remarc\u00f3 que al padre del mandatario \u00abno se le perdon\u00f3 un mango, ni siquiera los intereses\u00bb de la deuda originada cuando Correo Argentino S.A. entr\u00f3 en concurso preventivo.<\/p>\n<p>   El funcionario nacional defendi\u00f3 la aceptaci\u00f3n por parte del Estado de la propuesta que, seg\u00fan la fiscal Gabriela Boqu\u00edn, representar\u00eda una quita del 98,82 por ciento del total del pasivo que mantiene la firma que est\u00e1 dentro del conglomerado de empresas que integra Socma Americana S.A., la sociedad an\u00f3nima de la familia del jefe de Estado.<\/p>\n<p>   \u00abNo se hizo ninguna quita, porque para que existiera quita tendr\u00edamos que haber cobrado menos del capital y la empresa va a pagar el 100 por ciento del capital\u00bb, remarc\u00f3 Mocoroa.<\/p>\n<p>   En referencia al dictamen de Boqu\u00edn, que afirm\u00f3 que el acuerdo \u00abequivale a una condonaci\u00f3n\u00bb de la deuda \u00aby debe considerarse abusiva\u00bb, Mocoroa precis\u00f3 que el pasivo de Correo Argentino en 2001 \u00abera de 296 millones de pesos\u00bb y que, a pesar de que en ese momento reg\u00eda la Ley de Convertibilidad, \u00abno se puede hacer un parang\u00f3n en d\u00f3lares\u00bb.<\/p>\n<p>   \u00abLos n\u00fameros irrisorios a los que est\u00e1n haciendo referencia los medios est\u00e1n vinculados a un error jur\u00eddico o a la mala intenci\u00f3n\u00bb, sentenci\u00f3 el funcionario nacional.<\/p>\n<p>   \u00abHay que tener en cuenta que la Ley de Concursos y Quiebras lo que prev\u00e9 es que la acreencia no genera intereses\u00bb, explic\u00f3 Mocoroa en declaraciones radiales respecto a la propuesta hecha por la empresa deudora en junio pasado, al tiempo que record\u00f3 que \u00abmuchas veces para arribar a acuerdos, se establecen planes de pagos y esos planes s\u00ed llevan intereses\u00bb.<\/p>\n<p>   Consultado sobre si consideraba controversial que el Estado hubiera rechazado durante 15 a\u00f1os las propuestas del Correo Argentino y a siete meses del cambio de Gobierno se resolviera la situaci\u00f3n, el integrante de la cartera que conduce Aguad manifest\u00f3: \u00abLo que deber\u00eda llamar la atenci\u00f3n es por qu\u00e9 durante 15 a\u00f1os el Estado no arregl\u00f3 este asunto, por qu\u00e9 el Estado nacional hizo caso omiso a todas las propuestas de la empresa e hizo caso omiso a percibir cr\u00e9dito de la empresa\u00bb.<\/p>\n<p>   En ese sentido, insisti\u00f3 en sus cuestionamientos a Boqu\u00edn y remarc\u00f3 que \u00abllama la atenci\u00f3n que se haya demorado tanto para hacer este dictamen cuando sali\u00f3 en junio\u00bb el acuerdo. <\/p>\n<p>   Por su parte, el diputado nacional del PRO Luciano Laspina respald\u00f3 a Macri y afirm\u00f3 que \u00abno hay en ning\u00fan lugar del Gobierno vocaci\u00f3n de estar buscando favoritismo, est\u00e1 concentrado en gobernar y hacer las cosas bien\u00bb. <\/p>\n<p>   \u00abEstoy seguro, conf\u00edo plenamente en el Presidente de la Naci\u00f3n, que no har\u00eda nada incorrecto en este sentido\u00bb, a\u00f1adi\u00f3 el jefe de la Comisi\u00f3n de Presupuesto de la C\u00e1mara baja.<\/p>\n<p>   Tras el dictamen de Boqu\u00edn, un grupo de diputados nacionales del kirchnerismo encabezados por el presidente del bloque, H\u00e9ctor Recalde, presentaron una denuncia penal contra Macri, Aguad y Mocoroa por presunta \u00abdefraudaci\u00f3n contra la Administraci\u00f3n P\u00fablica\u00bb.<\/p>\n<p>   En tanto, los referentes de Nuevo Encuentro Mart\u00edn Sabbatella y Gabriela Cerruti tambi\u00e9n hicieron una presentaci\u00f3n en la que agregaron una acusaci\u00f3n por supuestas \u00abnegociaciones incompatibles con el ejercicio de funciones p\u00fablicas\u00bb.<\/p>\n<p>   Las denuncias recayeron en los jueces federales Rodolfo Canicoba Corral y Ariel Lijo, respectivamente.<\/p>\n<p>   Los dirigentes kirchneristas incluyeron en la presentaci\u00f3n el texto de la fiscal general ante la C\u00e1mara Nacional de Apelaciones en lo Comercial en el que se public\u00f3 el an\u00e1lisis efectuado con la colaboraci\u00f3n de la Direcci\u00f3n General de Asesoramiento Econ\u00f3mico y Financiero en las Investigaciones (DAFI), que tom\u00f3 como base la fecha en que se inici\u00f3 el concurso, el 19 de septiembre de 2001, cuando se empezar\u00eda a pagar, y la fecha en que se terminar\u00eda de abonar la deuda.<\/p>\n<p>   La Procuraci\u00f3n de la Naci\u00f3n realiz\u00f3 un c\u00e1lculo estad\u00edstico y matem\u00e1tico que arroj\u00f3 como resultado que al a\u00f1o 2033 esa deuda de 296 millones de pesos, actualizada con \u00edndices y con la tasa del Banco Naci\u00f3n, trepar\u00eda a 71.000 millones de pesos, con lo cual la oferta que hizo el Correo Argentino al Estado implica una quita del 98,82 por ciento.<\/p>\n","protected":false},"excerpt":{"rendered":"<p>(NA) &#8211; El Gobierno rechaz\u00f3 hoy las cr\u00edticas al acuerdo arribado con la empresa Correo Argentino S.A. para cobrar una deuda millonaria que data del 2001 y asegur\u00f3 que al empresario Franco Macri \u00abno se le perdon\u00f3 un mango, ni siquiera los intereses\u00bb de ese pasivo. En medio de la pol\u00e9mica por el caso, diputados [&hellip;]<\/p>\n","protected":false},"author":4,"featured_media":14439,"comment_status":"open","ping_status":"closed","sticky":false,"template":"","format":"standard","meta":{"om_disable_all_campaigns":false,"_jetpack_memberships_contains_paid_content":false,"footnotes":""},"categories":[3],"tags":[],"class_list":["post-14438","post","type-post","status-publish","format-standard","has-post-thumbnail","hentry","category-nacionales"],"aioseo_notices":[],"gutentor_comment":0,"jetpack_featured_media_url":"https:\/\/eldiariodesanpedro.com.ar\/sitio\/wp-content\/uploads\/2017\/02\/franco-macri.jpg","jetpack_shortlink":"https:\/\/wp.me\/p6RhLt-3KS","jetpack_sharing_enabled":true,"_links":{"self":[{"href":"https:\/\/eldiariodesanpedro.com.ar\/sitio\/wp-json\/wp\/v2\/posts\/14438","targetHints":{"allow":["GET"]}}],"collection":[{"href":"https:\/\/eldiariodesanpedro.com.ar\/sitio\/wp-json\/wp\/v2\/posts"}],"about":[{"href":"https:\/\/eldiariodesanpedro.com.ar\/sitio\/wp-json\/wp\/v2\/types\/post"}],"author":[{"embeddable":true,"href":"https:\/\/eldiariodesanpedro.com.ar\/sitio\/wp-json\/wp\/v2\/users\/4"}],"replies":[{"embeddable":true,"href":"https:\/\/eldiariodesanpedro.com.ar\/sitio\/wp-json\/wp\/v2\/comments?post=14438"}],"version-history":[{"count":1,"href":"https:\/\/eldiariodesanpedro.com.ar\/sitio\/wp-json\/wp\/v2\/posts\/14438\/revisions"}],"predecessor-version":[{"id":14440,"href":"https:\/\/eldiariodesanpedro.com.ar\/sitio\/wp-json\/wp\/v2\/posts\/14438\/revisions\/14440"}],"wp:featuredmedia":[{"embeddable":true,"href":"https:\/\/eldiariodesanpedro.com.ar\/sitio\/wp-json\/wp\/v2\/media\/14439"}],"wp:attachment":[{"href":"https:\/\/eldiariodesanpedro.com.ar\/sitio\/wp-json\/wp\/v2\/media?parent=14438"}],"wp:term":[{"taxonomy":"category","embeddable":true,"href":"https:\/\/eldiariodesanpedro.com.ar\/sitio\/wp-json\/wp\/v2\/categories?post=14438"},{"taxonomy":"post_tag","embeddable":true,"href":"https:\/\/eldiariodesanpedro.com.ar\/sitio\/wp-json\/wp\/v2\/tags?post=14438"}],"curies":[{"name":"wp","href":"https:\/\/api.w.org\/{rel}","templated":true}]}}