{"id":144377,"date":"2025-10-14T09:54:41","date_gmt":"2025-10-14T12:54:41","guid":{"rendered":"https:\/\/eldiariodesanpedro.com.ar\/sitio\/?p=144377"},"modified":"2025-10-14T09:54:45","modified_gmt":"2025-10-14T12:54:45","slug":"muestra-artistica-por-el-118-aniversario-del-club-nautico-san-pedro","status":"publish","type":"post","link":"https:\/\/eldiariodesanpedro.com.ar\/sitio\/muestra-artistica-por-el-118-aniversario-del-club-nautico-san-pedro\/","title":{"rendered":"Muestra art\u00edstica por el 118\u00b0 aniversario del Club N\u00e1utico San Pedro"},"content":{"rendered":"<!-- VideographyWP Plugin Message: Automatic video embedding prevented by plugin options. -->\n\n<p>Del 16 al 19 de octubre se realizar\u00e1 una muestra con artistas sampedrinos en el hist\u00f3rico Club Viejo, en el marco del aniversario del Club N\u00e1utico San Pedro.<\/p>\n\n\n\n<p>En el marco de las <strong>actividades organizadas por la Comisi\u00f3n Directiva del Club N\u00e1utico San Pedro<\/strong> por el <strong>118\u00b0 aniversario<\/strong> de la instituci\u00f3n, se llevar\u00e1 a cabo una <strong>muestra art\u00edstica<\/strong> que reunir\u00e1 obras de destacados artistas locales.<\/p>\n\n\n\n<p>La exposici\u00f3n se desarrollar\u00e1 <strong>del 16 al 19 de octubre<\/strong> en las instalaciones del <strong>Club Viejo<\/strong>, un espacio emblem\u00e1tico que forma parte de la historia del N\u00e1utico y de la comunidad sampedrina.<\/p>\n\n\n\n<p>Participar\u00e1n con sus obras <strong>Graciela Armengol, Guillermina Berola, Miriam Bonilla, Karina Charella, Vicky Camascasse, Felicitas Fari\u00f1a, Patricia Garavaglia, Virginia Hall, Claudio Hern\u00e1ndez, Ernestina Iparraguirre, Mar\u00eda Luz M\u00e9ndez, Facundo Monteverde, Majo Mora, Guadalupe Nava, Pamela Rivas, Jos\u00e9 Mar\u00eda Villafuerte y Lucas Zapulla.<\/strong><\/p>\n\n\n\n<p>La <strong>apertura oficial<\/strong> ser\u00e1 el <strong>jueves 16 de octubre a las 19 horas<\/strong>, y se podr\u00e1 visitar en los siguientes horarios:<\/p>\n\n\n\n<ul class=\"wp-block-list\">\n<li><strong>Jueves y viernes:<\/strong> de 19 a 21 horas (acceso libre).<\/li>\n\n\n\n<li><strong>S\u00e1bado y domingo:<\/strong> de 17 a 20 horas.<\/li>\n<\/ul>\n\n\n\n<p>La actividad cuenta con la <strong>colaboraci\u00f3n del Museo Hist\u00f3rico Regional \u201cFray Jos\u00e9 Mar\u00eda Bottaro\u201d<\/strong>, que acompa\u00f1a esta propuesta cultural que celebra el arte y la historia del club.<\/p>\n\n\n\n<p>#ClubN\u00e1uticoSanPedro #MuestraArt\u00edstica #Aniversario118 #ArteSampedrino #CulturaSanPedro #MuseoBottaro #ArtistasLocales #ClubViejo<\/p>\n","protected":false},"excerpt":{"rendered":"<p>Del 16 al 19 de octubre se realizar\u00e1 una muestra con artistas sampedrinos en el hist\u00f3rico Club Viejo, en el marco del aniversario del Club N\u00e1utico San Pedro. En el marco de las actividades organizadas por la Comisi\u00f3n Directiva del Club N\u00e1utico San Pedro por el 118\u00b0 aniversario de la instituci\u00f3n, se llevar\u00e1 a cabo [&hellip;]<\/p>\n","protected":false},"author":4,"featured_media":144378,"comment_status":"closed","ping_status":"closed","sticky":false,"template":"","format":"standard","meta":{"om_disable_all_campaigns":false,"_jetpack_memberships_contains_paid_content":false,"footnotes":""},"categories":[101,2],"tags":[6744,6603,5363,6747,6670,6745,6743,6746],"class_list":["post-144377","post","type-post","status-publish","format-standard","has-post-thumbnail","hentry","category-interes-general-locales","category-locales","tag-aniversario-118-anos","tag-artistas-sampedrinos","tag-club-nautico-san-pedro","tag-club-viejo","tag-cultura-local","tag-exposicion-de-arte","tag-muestra-artistica","tag-museo-historico-regional-fray-jose-maria-bottaro-2"],"aioseo_notices":[],"gutentor_comment":0,"jetpack_featured_media_url":"https:\/\/eldiariodesanpedro.com.ar\/sitio\/wp-content\/uploads\/2025\/10\/medida-1-12.jpg","jetpack_shortlink":"https:\/\/wp.me\/p6RhLt-ByF","jetpack_sharing_enabled":true,"_links":{"self":[{"href":"https:\/\/eldiariodesanpedro.com.ar\/sitio\/wp-json\/wp\/v2\/posts\/144377","targetHints":{"allow":["GET"]}}],"collection":[{"href":"https:\/\/eldiariodesanpedro.com.ar\/sitio\/wp-json\/wp\/v2\/posts"}],"about":[{"href":"https:\/\/eldiariodesanpedro.com.ar\/sitio\/wp-json\/wp\/v2\/types\/post"}],"author":[{"embeddable":true,"href":"https:\/\/eldiariodesanpedro.com.ar\/sitio\/wp-json\/wp\/v2\/users\/4"}],"replies":[{"embeddable":true,"href":"https:\/\/eldiariodesanpedro.com.ar\/sitio\/wp-json\/wp\/v2\/comments?post=144377"}],"version-history":[{"count":1,"href":"https:\/\/eldiariodesanpedro.com.ar\/sitio\/wp-json\/wp\/v2\/posts\/144377\/revisions"}],"predecessor-version":[{"id":144379,"href":"https:\/\/eldiariodesanpedro.com.ar\/sitio\/wp-json\/wp\/v2\/posts\/144377\/revisions\/144379"}],"wp:featuredmedia":[{"embeddable":true,"href":"https:\/\/eldiariodesanpedro.com.ar\/sitio\/wp-json\/wp\/v2\/media\/144378"}],"wp:attachment":[{"href":"https:\/\/eldiariodesanpedro.com.ar\/sitio\/wp-json\/wp\/v2\/media?parent=144377"}],"wp:term":[{"taxonomy":"category","embeddable":true,"href":"https:\/\/eldiariodesanpedro.com.ar\/sitio\/wp-json\/wp\/v2\/categories?post=144377"},{"taxonomy":"post_tag","embeddable":true,"href":"https:\/\/eldiariodesanpedro.com.ar\/sitio\/wp-json\/wp\/v2\/tags?post=144377"}],"curies":[{"name":"wp","href":"https:\/\/api.w.org\/{rel}","templated":true}]}}