{"id":144373,"date":"2025-10-14T09:19:01","date_gmt":"2025-10-14T12:19:01","guid":{"rendered":"https:\/\/eldiariodesanpedro.com.ar\/sitio\/?p=144373"},"modified":"2025-10-14T09:19:06","modified_gmt":"2025-10-14T12:19:06","slug":"osvaldo-logares-presento-su-libro-testimonios-en-el-club-nautico-san-pedro","status":"publish","type":"post","link":"https:\/\/eldiariodesanpedro.com.ar\/sitio\/osvaldo-logares-presento-su-libro-testimonios-en-el-club-nautico-san-pedro\/","title":{"rendered":"Osvaldo Logares present\u00f3 su libro \u201cTestimonios\u201d en el Club N\u00e1utico San Pedro"},"content":{"rendered":"<!-- VideographyWP Plugin Message: Automatic video embedding prevented by plugin options. -->\n\n<p>En el marco del 118\u00b0 aniversario del Club N\u00e1utico, el periodista Osvaldo Logares present\u00f3 su libro <em>\u201cTestimonios\u201d<\/em>, con an\u00e9cdotas y entrevistas a grandes figuras.<\/p>\n\n\n\n<p>En el marco de las actividades por el <strong>118\u00b0 aniversario del Club N\u00e1utico San Pedro<\/strong>, se llev\u00f3 a cabo la <strong>presentaci\u00f3n del libro \u201cTestimonios. Conversaciones y relatos in\u00e9ditos con personalidades nacionales e internacionales\u201d<\/strong>, de <strong>H\u00e9ctor Osvaldo Logares<\/strong>, editado por <strong>Editorial Desiderata<\/strong>.<\/p>\n\n\n\n<p>El evento se desarroll\u00f3 en el <strong>Sal\u00f3n Social del club<\/strong>, donde el autor brind\u00f3 una <strong>charla abierta y enriquecedora<\/strong>, repasando <strong>an\u00e9cdotas, reflexiones y vivencias<\/strong> que marcaron sus m\u00e1s de cinco d\u00e9cadas de trayectoria en el periodismo.<\/p>\n\n\n\n<p>La obra, compuesta por <strong>44 cap\u00edtulos<\/strong>, re\u00fane medio siglo de historia period\u00edstica a trav\u00e9s de entrevistas con <strong>personalidades como Ren\u00e9 Favaloro, Jorge Luis Borges, Juan Domingo Per\u00f3n, Diego Maradona, el Papa Francisco, Astor Piazzolla, Mija\u00edl Gorbachov, Juan Pablo II, la Madre Teresa de Calcuta, Frank Sinatra y Joan Manuel Serrat<\/strong>, entre otros.<\/p>\n\n\n\n<p>Osvaldo Logares, reconocido periodista argentino, desarroll\u00f3 una amplia carrera en medios como <strong>Clar\u00edn, La Naci\u00f3n, Radio Rivadavia y Todo Noticias (TN)<\/strong>, donde cubri\u00f3 <strong>los principales hechos pol\u00edticos y sociales del pa\u00eds<\/strong>, consolid\u00e1ndose como una de las voces m\u00e1s respetadas del periodismo nacional.<\/p>\n\n\n\n<p>#OsvaldoLogares #Testimonios #ClubN\u00e1uticoSanPedro #CulturaSanPedro #PeriodismoArgentino #Presentaci\u00f3nDeLibro #EditorialDesiderata #AniversarioClubNautico<\/p>\n\n\n\n<figure class=\"wp-block-image size-large\"><img decoding=\"async\" width=\"1024\" height=\"461\" data-attachment-id=\"144375\" data-permalink=\"https:\/\/eldiariodesanpedro.com.ar\/sitio\/osvaldo-logares-presento-su-libro-testimonios-en-el-club-nautico-san-pedro\/logares2\/\" data-orig-file=\"https:\/\/eldiariodesanpedro.com.ar\/sitio\/wp-content\/uploads\/2025\/10\/logares2.jpeg\" data-orig-size=\"1200,540\" data-comments-opened=\"0\" data-image-meta=\"{&quot;aperture&quot;:&quot;0&quot;,&quot;credit&quot;:&quot;&quot;,&quot;camera&quot;:&quot;&quot;,&quot;caption&quot;:&quot;&quot;,&quot;created_timestamp&quot;:&quot;0&quot;,&quot;copyright&quot;:&quot;&quot;,&quot;focal_length&quot;:&quot;0&quot;,&quot;iso&quot;:&quot;0&quot;,&quot;shutter_speed&quot;:&quot;0&quot;,&quot;title&quot;:&quot;&quot;,&quot;orientation&quot;:&quot;0&quot;}\" data-image-title=\"logares2\" data-image-description=\"\" data-image-caption=\"\" data-large-file=\"https:\/\/eldiariodesanpedro.com.ar\/sitio\/wp-content\/uploads\/2025\/10\/logares2-1024x461.jpeg\" data-src=\"https:\/\/eldiariodesanpedro.com.ar\/sitio\/wp-content\/uploads\/2025\/10\/logares2-1024x461.jpeg\" alt=\"\" class=\"wp-image-144375 lazyload\" data-srcset=\"https:\/\/eldiariodesanpedro.com.ar\/sitio\/wp-content\/uploads\/2025\/10\/logares2-1024x461.jpeg 1024w, https:\/\/eldiariodesanpedro.com.ar\/sitio\/wp-content\/uploads\/2025\/10\/logares2-300x135.jpeg 300w, https:\/\/eldiariodesanpedro.com.ar\/sitio\/wp-content\/uploads\/2025\/10\/logares2-768x346.jpeg 768w, https:\/\/eldiariodesanpedro.com.ar\/sitio\/wp-content\/uploads\/2025\/10\/logares2.jpeg 1200w\" data-sizes=\"(max-width: 1024px) 100vw, 1024px\" src=\"data:image\/svg+xml;base64,PHN2ZyB3aWR0aD0iMSIgaGVpZ2h0PSIxIiB4bWxucz0iaHR0cDovL3d3dy53My5vcmcvMjAwMC9zdmciPjwvc3ZnPg==\" style=\"--smush-placeholder-width: 1024px; --smush-placeholder-aspect-ratio: 1024\/461;\" \/><\/figure>\n","protected":false},"excerpt":{"rendered":"<p>En el marco del 118\u00b0 aniversario del Club N\u00e1utico, el periodista Osvaldo Logares present\u00f3 su libro \u201cTestimonios\u201d, con an\u00e9cdotas y entrevistas a grandes figuras. En el marco de las actividades por el 118\u00b0 aniversario del Club N\u00e1utico San Pedro, se llev\u00f3 a cabo la presentaci\u00f3n del libro \u201cTestimonios. Conversaciones y relatos in\u00e9ditos con personalidades nacionales [&hellip;]<\/p>\n","protected":false},"author":4,"featured_media":144374,"comment_status":"closed","ping_status":"closed","sticky":false,"template":"","format":"standard","meta":{"om_disable_all_campaigns":false,"_jetpack_memberships_contains_paid_content":false,"footnotes":""},"categories":[50,101,2],"tags":[1714,5363,1792,6741,6740,6742,6634,6633,6636,6739],"class_list":["post-144373","post","type-post","status-publish","format-standard","has-post-thumbnail","hentry","category-destacadas","category-interes-general-locales","category-locales","tag-aniversario","tag-club-nautico-san-pedro","tag-cultura","tag-editorial-desiderata","tag-entrevistas","tag-escritores-argentinos","tag-libro-testimonios","tag-osvaldo-logares","tag-periodismo-argentino","tag-presentacion-literaria"],"aioseo_notices":[],"gutentor_comment":0,"jetpack_featured_media_url":"https:\/\/eldiariodesanpedro.com.ar\/sitio\/wp-content\/uploads\/2025\/10\/medida-1-11.jpg","jetpack_shortlink":"https:\/\/wp.me\/p6RhLt-ByB","jetpack_sharing_enabled":true,"_links":{"self":[{"href":"https:\/\/eldiariodesanpedro.com.ar\/sitio\/wp-json\/wp\/v2\/posts\/144373","targetHints":{"allow":["GET"]}}],"collection":[{"href":"https:\/\/eldiariodesanpedro.com.ar\/sitio\/wp-json\/wp\/v2\/posts"}],"about":[{"href":"https:\/\/eldiariodesanpedro.com.ar\/sitio\/wp-json\/wp\/v2\/types\/post"}],"author":[{"embeddable":true,"href":"https:\/\/eldiariodesanpedro.com.ar\/sitio\/wp-json\/wp\/v2\/users\/4"}],"replies":[{"embeddable":true,"href":"https:\/\/eldiariodesanpedro.com.ar\/sitio\/wp-json\/wp\/v2\/comments?post=144373"}],"version-history":[{"count":1,"href":"https:\/\/eldiariodesanpedro.com.ar\/sitio\/wp-json\/wp\/v2\/posts\/144373\/revisions"}],"predecessor-version":[{"id":144376,"href":"https:\/\/eldiariodesanpedro.com.ar\/sitio\/wp-json\/wp\/v2\/posts\/144373\/revisions\/144376"}],"wp:featuredmedia":[{"embeddable":true,"href":"https:\/\/eldiariodesanpedro.com.ar\/sitio\/wp-json\/wp\/v2\/media\/144374"}],"wp:attachment":[{"href":"https:\/\/eldiariodesanpedro.com.ar\/sitio\/wp-json\/wp\/v2\/media?parent=144373"}],"wp:term":[{"taxonomy":"category","embeddable":true,"href":"https:\/\/eldiariodesanpedro.com.ar\/sitio\/wp-json\/wp\/v2\/categories?post=144373"},{"taxonomy":"post_tag","embeddable":true,"href":"https:\/\/eldiariodesanpedro.com.ar\/sitio\/wp-json\/wp\/v2\/tags?post=144373"}],"curies":[{"name":"wp","href":"https:\/\/api.w.org\/{rel}","templated":true}]}}