{"id":144370,"date":"2025-10-13T20:04:49","date_gmt":"2025-10-13T23:04:49","guid":{"rendered":"https:\/\/eldiariodesanpedro.com.ar\/sitio\/?p=144370"},"modified":"2025-10-13T20:06:06","modified_gmt":"2025-10-13T23:06:06","slug":"paro-docente-de-24-horas-en-buenos-aires-reclamo-nacional-por-salarios-y-financiamiento-educativo","status":"publish","type":"post","link":"https:\/\/eldiariodesanpedro.com.ar\/sitio\/paro-docente-de-24-horas-en-buenos-aires-reclamo-nacional-por-salarios-y-financiamiento-educativo\/","title":{"rendered":"Paro docente de 24 horas en Buenos Aires: reclamo nacional por salarios y financiamiento educativo"},"content":{"rendered":"<!-- VideographyWP Plugin Message: Automatic video embedding prevented by plugin options. -->\n\n<p>Los gremios docentes bonaerenses se suman este martes al paro nacional convocado por Ctera para exigir mejoras salariales y mayor inversi\u00f3n educativa.<\/p>\n\n\n\n<p>Los <strong>gremios docentes de la provincia de Buenos Aires<\/strong> llevar\u00e1n adelante este <strong>martes 14 de octubre un paro de 24 horas<\/strong>, en adhesi\u00f3n a la medida nacional impulsada por la <strong>Confederaci\u00f3n de Trabajadores de la Educaci\u00f3n de la Rep\u00fablica Argentina (Ctera)<\/strong>. La protesta tiene como objetivo <strong>reclamar mejores condiciones laborales y un incremento en el financiamiento educativo<\/strong>.La jornada forma parte del <strong>plan de lucha \u201cLa Escuela Ense\u00f1a y Construye Esperanza\u201d<\/strong>, que comenz\u00f3 la semana pasada con <strong>clases p\u00fablicas, radios abiertas y actividades en espacios p\u00fablicos<\/strong>.<\/p>\n\n\n\n<p>En territorio bonaerense, la convocatoria abarca a todos los sindicatos que integran el <strong>Frente de Unidad Docente Bonaerense (FUDB)<\/strong>: <strong>Suteba, FEB, Amet, Sadop y Udocba<\/strong>. Adem\u00e1s del paro, est\u00e1 prevista una <strong>Marcha Federal Educativa<\/strong> que se replicar\u00e1 en distintas ciudades del pa\u00eds.<\/p>\n\n\n\n<p>Desde <strong>Ctera<\/strong> expresaron: <em>\u201cFrente al ajuste, los recortes presupuestarios y el desfinanciamiento educativo, reafirmamos nuestro compromiso en defensa de la escuela p\u00fablica, democr\u00e1tica y federal. Defender la educaci\u00f3n p\u00fablica es defender la Patria\u201d<\/em>.<\/p>\n\n\n\n<p>Debido al alcance nacional de la medida, se espera un <strong>alto nivel de adhesi\u00f3n en la mayor\u00eda de las escuelas del pa\u00eds<\/strong>, con <strong>establecimientos cerrados y sin dictado de clases durante toda la jornada<\/strong>, salvo algunas instituciones privadas que mantendr\u00e1n actividades normales.<\/p>\n\n\n\n<p>Entre los principales reclamos de los gremios figuran la <strong>sanci\u00f3n de una nueva Ley de Financiamiento Educativo<\/strong>, la <strong>convocatoria urgente a la Paritaria Nacional Docente<\/strong>, la <strong>restituci\u00f3n del FONID<\/strong> (Fondo Nacional de Incentivo Docente) con el <strong>pago de las sumas adeudadas<\/strong>, el <strong>aumento del presupuesto educativo<\/strong>, <strong>fondos para infraestructura escolar<\/strong>, <strong>mejoras salariales<\/strong> y la <strong>defensa de los derechos previsionales<\/strong> y <strong>las jubilaciones docentes<\/strong>.<\/p>\n\n\n\n<p>ParoDocente #Ctera #Educaci\u00f3nP\u00fablica #Suteba #FEB #FUDB #ParitariaDocente #FONID #Educaci\u00f3nArgentina<\/p>\n","protected":false},"excerpt":{"rendered":"<p>Los gremios docentes bonaerenses se suman este martes al paro nacional convocado por Ctera para exigir mejoras salariales y mayor inversi\u00f3n educativa. Los gremios docentes de la provincia de Buenos Aires llevar\u00e1n adelante este martes 14 de octubre un paro de 24 horas, en adhesi\u00f3n a la medida nacional impulsada por la Confederaci\u00f3n de Trabajadores [&hellip;]<\/p>\n","protected":false},"author":4,"featured_media":137070,"comment_status":"closed","ping_status":"closed","sticky":false,"template":"","format":"standard","meta":{"om_disable_all_campaigns":false,"_jetpack_memberships_contains_paid_content":false,"footnotes":""},"categories":[101,2],"tags":[197,6732,6737,6731,6738,6733,6735,6734,6736,6730,1098,3689],"class_list":["post-144370","post","type-post","status-publish","format-standard","has-post-thumbnail","hentry","category-interes-general-locales","category-locales","tag-buenos-aires","tag-ctera","tag-educacion-argentina","tag-educacion-publica","tag-escuelas-sin-clases","tag-feb","tag-fonid","tag-fudb","tag-paritaria-nacional-docente","tag-paro-docente","tag-paro-nacional","tag-suteba"],"aioseo_notices":[],"gutentor_comment":0,"jetpack_featured_media_url":"https:\/\/eldiariodesanpedro.com.ar\/sitio\/wp-content\/uploads\/2025\/02\/Aula-Escuela-Normal.jpg","jetpack_shortlink":"https:\/\/wp.me\/p6RhLt-Byy","jetpack_sharing_enabled":true,"_links":{"self":[{"href":"https:\/\/eldiariodesanpedro.com.ar\/sitio\/wp-json\/wp\/v2\/posts\/144370","targetHints":{"allow":["GET"]}}],"collection":[{"href":"https:\/\/eldiariodesanpedro.com.ar\/sitio\/wp-json\/wp\/v2\/posts"}],"about":[{"href":"https:\/\/eldiariodesanpedro.com.ar\/sitio\/wp-json\/wp\/v2\/types\/post"}],"author":[{"embeddable":true,"href":"https:\/\/eldiariodesanpedro.com.ar\/sitio\/wp-json\/wp\/v2\/users\/4"}],"replies":[{"embeddable":true,"href":"https:\/\/eldiariodesanpedro.com.ar\/sitio\/wp-json\/wp\/v2\/comments?post=144370"}],"version-history":[{"count":2,"href":"https:\/\/eldiariodesanpedro.com.ar\/sitio\/wp-json\/wp\/v2\/posts\/144370\/revisions"}],"predecessor-version":[{"id":144372,"href":"https:\/\/eldiariodesanpedro.com.ar\/sitio\/wp-json\/wp\/v2\/posts\/144370\/revisions\/144372"}],"wp:featuredmedia":[{"embeddable":true,"href":"https:\/\/eldiariodesanpedro.com.ar\/sitio\/wp-json\/wp\/v2\/media\/137070"}],"wp:attachment":[{"href":"https:\/\/eldiariodesanpedro.com.ar\/sitio\/wp-json\/wp\/v2\/media?parent=144370"}],"wp:term":[{"taxonomy":"category","embeddable":true,"href":"https:\/\/eldiariodesanpedro.com.ar\/sitio\/wp-json\/wp\/v2\/categories?post=144370"},{"taxonomy":"post_tag","embeddable":true,"href":"https:\/\/eldiariodesanpedro.com.ar\/sitio\/wp-json\/wp\/v2\/tags?post=144370"}],"curies":[{"name":"wp","href":"https:\/\/api.w.org\/{rel}","templated":true}]}}