{"id":144361,"date":"2025-10-13T18:47:46","date_gmt":"2025-10-13T21:47:46","guid":{"rendered":"https:\/\/eldiariodesanpedro.com.ar\/sitio\/?p=144361"},"modified":"2025-10-13T18:47:50","modified_gmt":"2025-10-13T21:47:50","slug":"festejos-por-el-dia-del-jubilado-en-vuelta-de-obligado","status":"publish","type":"post","link":"https:\/\/eldiariodesanpedro.com.ar\/sitio\/festejos-por-el-dia-del-jubilado-en-vuelta-de-obligado\/","title":{"rendered":"Festejos por el D\u00eda del Jubilado en Vuelta de Obligado"},"content":{"rendered":"<!-- VideographyWP Plugin Message: Automatic video embedding prevented by plugin options. -->\n\n<p>Adultos mayores de Vuelta de Obligado celebraron el D\u00eda del Jubilado con un encuentro de integraci\u00f3n organizado por la Municipalidad de San Pedro.<\/p>\n\n\n\n<p>En el marco del <strong>D\u00eda del Jubilado<\/strong>, la <strong>Municipalidad de San Pedro<\/strong>, a trav\u00e9s de la <strong>Direcci\u00f3n de Adultos Mayores<\/strong> de la <strong>Secretar\u00eda de Desarrollo de la Comunidad<\/strong>, organiz\u00f3 una jornada especial en la <strong>localidad de Vuelta de Obligado<\/strong>.<\/p>\n\n\n\n<p>Durante el encuentro, las y los adultos mayores compartieron un <strong>almuerzo, m\u00fasica y baile<\/strong>, disfrutando de un espacio de <strong>encuentro, recreaci\u00f3n y bienestar<\/strong>.<\/p>\n\n\n\n<p>Estas iniciativas forman parte de las actividades impulsadas por la Direcci\u00f3n de Adultos Mayores para <strong>fortalecer la integraci\u00f3n social<\/strong> y promover el <strong>bienestar f\u00edsico y emocional<\/strong> de las personas mayores en todo el partido de San Pedro.<\/p>\n\n\n\n<p>#D\u00edaDelJubilado #VueltaDeObligado #SanPedro #AdultosMayores #DesarrolloDeLaComunidad #Integraci\u00f3n #Bienestar<\/p>\n\n\n\n<div class=\"wp-block-jetpack-slideshow aligncenter\" data-effect=\"slide\"><div class=\"wp-block-jetpack-slideshow_container swiper-container\"><ul class=\"wp-block-jetpack-slideshow_swiper-wrapper swiper-wrapper\"><li class=\"wp-block-jetpack-slideshow_slide swiper-slide\"><figure><img decoding=\"async\" width=\"838\" height=\"630\" alt=\"\" class=\"wp-block-jetpack-slideshow_image wp-image-144365 lazyload\" data-id=\"144365\" data-src=\"https:\/\/eldiariodesanpedro.com.ar\/sitio\/wp-content\/uploads\/2025\/10\/565963735_18334100872237828_8586905317140792448_n.jpeg\" data-srcset=\"https:\/\/eldiariodesanpedro.com.ar\/sitio\/wp-content\/uploads\/2025\/10\/565963735_18334100872237828_8586905317140792448_n.jpeg 838w, https:\/\/eldiariodesanpedro.com.ar\/sitio\/wp-content\/uploads\/2025\/10\/565963735_18334100872237828_8586905317140792448_n-300x226.jpeg 300w, https:\/\/eldiariodesanpedro.com.ar\/sitio\/wp-content\/uploads\/2025\/10\/565963735_18334100872237828_8586905317140792448_n-768x577.jpeg 768w, https:\/\/eldiariodesanpedro.com.ar\/sitio\/wp-content\/uploads\/2025\/10\/565963735_18334100872237828_8586905317140792448_n-272x204.jpeg 272w\" data-sizes=\"(max-width: 838px) 100vw, 838px\" src=\"data:image\/svg+xml;base64,PHN2ZyB3aWR0aD0iMSIgaGVpZ2h0PSIxIiB4bWxucz0iaHR0cDovL3d3dy53My5vcmcvMjAwMC9zdmciPjwvc3ZnPg==\" style=\"--smush-placeholder-width: 838px; --smush-placeholder-aspect-ratio: 838\/630;\" \/><\/figure><\/li><li class=\"wp-block-jetpack-slideshow_slide swiper-slide\"><figure><img decoding=\"async\" width=\"837\" height=\"630\" alt=\"\" class=\"wp-block-jetpack-slideshow_image wp-image-144364 lazyload\" data-id=\"144364\" data-src=\"https:\/\/eldiariodesanpedro.com.ar\/sitio\/wp-content\/uploads\/2025\/10\/565708225_18334100848237828_8440036118818180545_n.jpeg\" data-srcset=\"https:\/\/eldiariodesanpedro.com.ar\/sitio\/wp-content\/uploads\/2025\/10\/565708225_18334100848237828_8440036118818180545_n.jpeg 837w, https:\/\/eldiariodesanpedro.com.ar\/sitio\/wp-content\/uploads\/2025\/10\/565708225_18334100848237828_8440036118818180545_n-300x226.jpeg 300w, https:\/\/eldiariodesanpedro.com.ar\/sitio\/wp-content\/uploads\/2025\/10\/565708225_18334100848237828_8440036118818180545_n-768x578.jpeg 768w, https:\/\/eldiariodesanpedro.com.ar\/sitio\/wp-content\/uploads\/2025\/10\/565708225_18334100848237828_8440036118818180545_n-272x204.jpeg 272w\" data-sizes=\"(max-width: 837px) 100vw, 837px\" src=\"data:image\/svg+xml;base64,PHN2ZyB3aWR0aD0iMSIgaGVpZ2h0PSIxIiB4bWxucz0iaHR0cDovL3d3dy53My5vcmcvMjAwMC9zdmciPjwvc3ZnPg==\" style=\"--smush-placeholder-width: 837px; --smush-placeholder-aspect-ratio: 837\/630;\" \/><\/figure><\/li><li class=\"wp-block-jetpack-slideshow_slide swiper-slide\"><figure><img decoding=\"async\" width=\"837\" height=\"630\" alt=\"\" class=\"wp-block-jetpack-slideshow_image wp-image-144363 lazyload\" data-id=\"144363\" data-src=\"https:\/\/eldiariodesanpedro.com.ar\/sitio\/wp-content\/uploads\/2025\/10\/565040483_18334100902237828_1181382965567379865_n.jpeg\" data-srcset=\"https:\/\/eldiariodesanpedro.com.ar\/sitio\/wp-content\/uploads\/2025\/10\/565040483_18334100902237828_1181382965567379865_n.jpeg 837w, https:\/\/eldiariodesanpedro.com.ar\/sitio\/wp-content\/uploads\/2025\/10\/565040483_18334100902237828_1181382965567379865_n-300x226.jpeg 300w, https:\/\/eldiariodesanpedro.com.ar\/sitio\/wp-content\/uploads\/2025\/10\/565040483_18334100902237828_1181382965567379865_n-768x578.jpeg 768w, https:\/\/eldiariodesanpedro.com.ar\/sitio\/wp-content\/uploads\/2025\/10\/565040483_18334100902237828_1181382965567379865_n-272x204.jpeg 272w\" data-sizes=\"(max-width: 837px) 100vw, 837px\" src=\"data:image\/svg+xml;base64,PHN2ZyB3aWR0aD0iMSIgaGVpZ2h0PSIxIiB4bWxucz0iaHR0cDovL3d3dy53My5vcmcvMjAwMC9zdmciPjwvc3ZnPg==\" style=\"--smush-placeholder-width: 837px; --smush-placeholder-aspect-ratio: 837\/630;\" \/><\/figure><\/li><\/ul><a class=\"wp-block-jetpack-slideshow_button-prev swiper-button-prev swiper-button-white\" role=\"button\"><\/a><a class=\"wp-block-jetpack-slideshow_button-next swiper-button-next swiper-button-white\" role=\"button\"><\/a><a aria-label=\"Pause Slideshow\" class=\"wp-block-jetpack-slideshow_button-pause\" role=\"button\"><\/a><div class=\"wp-block-jetpack-slideshow_pagination swiper-pagination swiper-pagination-white\"><\/div><\/div><\/div>\n","protected":false},"excerpt":{"rendered":"<p>Adultos mayores de Vuelta de Obligado celebraron el D\u00eda del Jubilado con un encuentro de integraci\u00f3n organizado por la Municipalidad de San Pedro. En el marco del D\u00eda del Jubilado, la Municipalidad de San Pedro, a trav\u00e9s de la Direcci\u00f3n de Adultos Mayores de la Secretar\u00eda de Desarrollo de la Comunidad, organiz\u00f3 una jornada especial [&hellip;]<\/p>\n","protected":false},"author":4,"featured_media":144362,"comment_status":"closed","ping_status":"closed","sticky":false,"template":"","format":"standard","meta":{"om_disable_all_campaigns":false,"_jetpack_memberships_contains_paid_content":false,"footnotes":""},"categories":[101,2],"tags":[6723,3853,6724,6722,5761,3758,5505,674],"class_list":["post-144361","post","type-post","status-publish","format-standard","has-post-thumbnail","hentry","category-interes-general-locales","category-locales","tag-actividades-recreativas","tag-adultos-mayores","tag-bienestar-e-integracion","tag-dia-del-jubilado","tag-direccion-de-adultos-mayores","tag-municipalidad-de-san-pedro","tag-secretaria-de-desarrollo-de-la-comunidad","tag-vuelta-de-obligado"],"aioseo_notices":[],"gutentor_comment":0,"jetpack_featured_media_url":"https:\/\/eldiariodesanpedro.com.ar\/sitio\/wp-content\/uploads\/2025\/10\/564510598_18334100809237828_697825041048643445_n.jpeg","jetpack_shortlink":"https:\/\/wp.me\/p6RhLt-Byp","jetpack_sharing_enabled":true,"_links":{"self":[{"href":"https:\/\/eldiariodesanpedro.com.ar\/sitio\/wp-json\/wp\/v2\/posts\/144361","targetHints":{"allow":["GET"]}}],"collection":[{"href":"https:\/\/eldiariodesanpedro.com.ar\/sitio\/wp-json\/wp\/v2\/posts"}],"about":[{"href":"https:\/\/eldiariodesanpedro.com.ar\/sitio\/wp-json\/wp\/v2\/types\/post"}],"author":[{"embeddable":true,"href":"https:\/\/eldiariodesanpedro.com.ar\/sitio\/wp-json\/wp\/v2\/users\/4"}],"replies":[{"embeddable":true,"href":"https:\/\/eldiariodesanpedro.com.ar\/sitio\/wp-json\/wp\/v2\/comments?post=144361"}],"version-history":[{"count":1,"href":"https:\/\/eldiariodesanpedro.com.ar\/sitio\/wp-json\/wp\/v2\/posts\/144361\/revisions"}],"predecessor-version":[{"id":144366,"href":"https:\/\/eldiariodesanpedro.com.ar\/sitio\/wp-json\/wp\/v2\/posts\/144361\/revisions\/144366"}],"wp:featuredmedia":[{"embeddable":true,"href":"https:\/\/eldiariodesanpedro.com.ar\/sitio\/wp-json\/wp\/v2\/media\/144362"}],"wp:attachment":[{"href":"https:\/\/eldiariodesanpedro.com.ar\/sitio\/wp-json\/wp\/v2\/media?parent=144361"}],"wp:term":[{"taxonomy":"category","embeddable":true,"href":"https:\/\/eldiariodesanpedro.com.ar\/sitio\/wp-json\/wp\/v2\/categories?post=144361"},{"taxonomy":"post_tag","embeddable":true,"href":"https:\/\/eldiariodesanpedro.com.ar\/sitio\/wp-json\/wp\/v2\/tags?post=144361"}],"curies":[{"name":"wp","href":"https:\/\/api.w.org\/{rel}","templated":true}]}}