{"id":144359,"date":"2025-10-13T18:33:13","date_gmt":"2025-10-13T21:33:13","guid":{"rendered":"https:\/\/eldiariodesanpedro.com.ar\/sitio\/?p=144359"},"modified":"2025-10-13T18:33:18","modified_gmt":"2025-10-13T21:33:18","slug":"edicto-de-sucesion-de-puig-juan-felipe","status":"publish","type":"post","link":"https:\/\/eldiariodesanpedro.com.ar\/sitio\/edicto-de-sucesion-de-puig-juan-felipe\/","title":{"rendered":"Edicto de sucesi\u00f3n de Puig Juan Felipe"},"content":{"rendered":"<!-- VideographyWP Plugin Message: Automatic video embedding prevented by plugin options. -->\n\n<p>El Juzgado de Paz Letrado de San Pedro, cita y emplaza a todas las personas que se consideren con derecho a los bienes dejados por los Sr\/a. <strong>Puig Juan Felipe<\/strong>, para que dentro del plazo de 30 d\u00edas as\u00ed lo acrediten (art. 734 del CPCC). San Pedro, 03 de Octubre de 2025.<\/p>\n\n\n\n<p>FACUNDO VELL\u00d3N<br>AUXILIAR LETRADO<\/p>\n\n\n\n<p>(Publicaci\u00f3n v\u00e1lida para los d\u00edas 13\u00a0 de octubre de 2025)<br><br>Todos los edictos los podes publicados los puedes ver en: <a href=\"https:\/\/eldiariodesanpedro.com.ar\/sitio\/category\/edictos\/\">https:\/\/eldiariodesanpedro.com.ar\/sitio\/category\/edictos\/<\/a><\/p>\n","protected":false},"excerpt":{"rendered":"<p>El Juzgado de Paz Letrado de San Pedro, cita y emplaza a todas las personas que se consideren con derecho a los bienes dejados por los Sr\/a. Puig Juan Felipe, para que dentro del plazo de 30 d\u00edas as\u00ed lo acrediten (art. 734 del CPCC). San Pedro, 03 de Octubre de 2025. FACUNDO VELL\u00d3NAUXILIAR LETRADO [&hellip;]<\/p>\n","protected":false},"author":4,"featured_media":102746,"comment_status":"closed","ping_status":"closed","sticky":false,"template":"","format":"standard","meta":{"om_disable_all_campaigns":false,"_jetpack_memberships_contains_paid_content":false,"footnotes":""},"categories":[676,677],"tags":[6721],"class_list":["post-144359","post","type-post","status-publish","format-standard","has-post-thumbnail","hentry","category-edictos","category-edictos-sucesorios","tag-puig-juan-felipe"],"aioseo_notices":[],"gutentor_comment":0,"jetpack_featured_media_url":"https:\/\/eldiariodesanpedro.com.ar\/sitio\/wp-content\/uploads\/2022\/01\/EDICTO.jpg","jetpack_shortlink":"https:\/\/wp.me\/p6RhLt-Byn","jetpack_sharing_enabled":true,"_links":{"self":[{"href":"https:\/\/eldiariodesanpedro.com.ar\/sitio\/wp-json\/wp\/v2\/posts\/144359","targetHints":{"allow":["GET"]}}],"collection":[{"href":"https:\/\/eldiariodesanpedro.com.ar\/sitio\/wp-json\/wp\/v2\/posts"}],"about":[{"href":"https:\/\/eldiariodesanpedro.com.ar\/sitio\/wp-json\/wp\/v2\/types\/post"}],"author":[{"embeddable":true,"href":"https:\/\/eldiariodesanpedro.com.ar\/sitio\/wp-json\/wp\/v2\/users\/4"}],"replies":[{"embeddable":true,"href":"https:\/\/eldiariodesanpedro.com.ar\/sitio\/wp-json\/wp\/v2\/comments?post=144359"}],"version-history":[{"count":1,"href":"https:\/\/eldiariodesanpedro.com.ar\/sitio\/wp-json\/wp\/v2\/posts\/144359\/revisions"}],"predecessor-version":[{"id":144360,"href":"https:\/\/eldiariodesanpedro.com.ar\/sitio\/wp-json\/wp\/v2\/posts\/144359\/revisions\/144360"}],"wp:featuredmedia":[{"embeddable":true,"href":"https:\/\/eldiariodesanpedro.com.ar\/sitio\/wp-json\/wp\/v2\/media\/102746"}],"wp:attachment":[{"href":"https:\/\/eldiariodesanpedro.com.ar\/sitio\/wp-json\/wp\/v2\/media?parent=144359"}],"wp:term":[{"taxonomy":"category","embeddable":true,"href":"https:\/\/eldiariodesanpedro.com.ar\/sitio\/wp-json\/wp\/v2\/categories?post=144359"},{"taxonomy":"post_tag","embeddable":true,"href":"https:\/\/eldiariodesanpedro.com.ar\/sitio\/wp-json\/wp\/v2\/tags?post=144359"}],"curies":[{"name":"wp","href":"https:\/\/api.w.org\/{rel}","templated":true}]}}