{"id":144357,"date":"2025-10-13T18:26:53","date_gmt":"2025-10-13T21:26:53","guid":{"rendered":"https:\/\/eldiariodesanpedro.com.ar\/sitio\/?p=144357"},"modified":"2025-10-13T18:26:57","modified_gmt":"2025-10-13T21:26:57","slug":"edicto-de-sucesion-de-figueroa-rodolfo-bernardino-riquelme-ermelinda-y-figueroa-jose-luis","status":"publish","type":"post","link":"https:\/\/eldiariodesanpedro.com.ar\/sitio\/edicto-de-sucesion-de-figueroa-rodolfo-bernardino-riquelme-ermelinda-y-figueroa-jose-luis\/","title":{"rendered":"Edicto de sucesi\u00f3n de Figueroa Rodolfo Bernardino, Riquelme Ermelinda y Figueroa Jose Luis"},"content":{"rendered":"<!-- VideographyWP Plugin Message: Automatic video embedding prevented by plugin options. -->\n\n<p>Por disposici\u00f3n del Juzgado en lo Civil y Comercial N\u00b0 5, del departamento judicial de San Nicol\u00e1s a cargo del Dr. Jos\u00e9 Ignacio Ondarcuhu, se cita, se llama y emplaza a los herederos, acreedores y legatarios de los se\u00f1ores <strong>Figueroa Rodolfo Bernardino, Riquelme Ermelinda, Figueroa Jose Luis<\/strong>.- San Nicol\u00e1s, 18 de Agosto de 2025.-<\/p>\n\n\n\n<p>BLUHN LEONARDO<br>AUXILIAR LETRADO<\/p>\n\n\n\n<p>(Publicaci\u00f3n v\u00e1lida para los d\u00edas 13, 14 y 15&nbsp; de octubre de 2025)<br><a href=\"https:\/\/notificaciones.scba.gov.ar\/interfazbootstrap\/textonotificacion.aspx?CodNotif=Z0EQ6TT3\">https:\/\/notificaciones.scba.gov.ar\/interfazbootstrap\/textonotificacion.aspx?CodNotif=Z0EQ6TT3<\/a><\/p>\n\n\n\n<p>Todos los edictos los podes publicados los puedes ver en: <a href=\"https:\/\/eldiariodesanpedro.com.ar\/sitio\/category\/edictos\/\">https:\/\/eldiariodesanpedro.com.ar\/sitio\/category\/edictos\/<\/a><\/p>\n","protected":false},"excerpt":{"rendered":"<p>Por disposici\u00f3n del Juzgado en lo Civil y Comercial N\u00b0 5, del departamento judicial de San Nicol\u00e1s a cargo del Dr. Jos\u00e9 Ignacio Ondarcuhu, se cita, se llama y emplaza a los herederos, acreedores y legatarios de los se\u00f1ores Figueroa Rodolfo Bernardino, Riquelme Ermelinda, Figueroa Jose Luis.- San Nicol\u00e1s, 18 de Agosto de 2025.- BLUHN [&hellip;]<\/p>\n","protected":false},"author":4,"featured_media":102746,"comment_status":"closed","ping_status":"closed","sticky":false,"template":"","format":"standard","meta":{"om_disable_all_campaigns":false,"_jetpack_memberships_contains_paid_content":false,"footnotes":""},"categories":[676,677],"tags":[6720],"class_list":["post-144357","post","type-post","status-publish","format-standard","has-post-thumbnail","hentry","category-edictos","category-edictos-sucesorios","tag-figueroa-rodolfo-bernardino"],"aioseo_notices":[],"gutentor_comment":0,"jetpack_featured_media_url":"https:\/\/eldiariodesanpedro.com.ar\/sitio\/wp-content\/uploads\/2022\/01\/EDICTO.jpg","jetpack_shortlink":"https:\/\/wp.me\/p6RhLt-Byl","jetpack_sharing_enabled":true,"_links":{"self":[{"href":"https:\/\/eldiariodesanpedro.com.ar\/sitio\/wp-json\/wp\/v2\/posts\/144357","targetHints":{"allow":["GET"]}}],"collection":[{"href":"https:\/\/eldiariodesanpedro.com.ar\/sitio\/wp-json\/wp\/v2\/posts"}],"about":[{"href":"https:\/\/eldiariodesanpedro.com.ar\/sitio\/wp-json\/wp\/v2\/types\/post"}],"author":[{"embeddable":true,"href":"https:\/\/eldiariodesanpedro.com.ar\/sitio\/wp-json\/wp\/v2\/users\/4"}],"replies":[{"embeddable":true,"href":"https:\/\/eldiariodesanpedro.com.ar\/sitio\/wp-json\/wp\/v2\/comments?post=144357"}],"version-history":[{"count":1,"href":"https:\/\/eldiariodesanpedro.com.ar\/sitio\/wp-json\/wp\/v2\/posts\/144357\/revisions"}],"predecessor-version":[{"id":144358,"href":"https:\/\/eldiariodesanpedro.com.ar\/sitio\/wp-json\/wp\/v2\/posts\/144357\/revisions\/144358"}],"wp:featuredmedia":[{"embeddable":true,"href":"https:\/\/eldiariodesanpedro.com.ar\/sitio\/wp-json\/wp\/v2\/media\/102746"}],"wp:attachment":[{"href":"https:\/\/eldiariodesanpedro.com.ar\/sitio\/wp-json\/wp\/v2\/media?parent=144357"}],"wp:term":[{"taxonomy":"category","embeddable":true,"href":"https:\/\/eldiariodesanpedro.com.ar\/sitio\/wp-json\/wp\/v2\/categories?post=144357"},{"taxonomy":"post_tag","embeddable":true,"href":"https:\/\/eldiariodesanpedro.com.ar\/sitio\/wp-json\/wp\/v2\/tags?post=144357"}],"curies":[{"name":"wp","href":"https:\/\/api.w.org\/{rel}","templated":true}]}}