{"id":144344,"date":"2025-10-13T15:54:41","date_gmt":"2025-10-13T18:54:41","guid":{"rendered":"https:\/\/eldiariodesanpedro.com.ar\/sitio\/?p=144344"},"modified":"2025-10-13T15:54:45","modified_gmt":"2025-10-13T18:54:45","slug":"aprehenden-a-un-sospechoso-de-violento-robo-ocurrido-en-baradero","status":"publish","type":"post","link":"https:\/\/eldiariodesanpedro.com.ar\/sitio\/aprehenden-a-un-sospechoso-de-violento-robo-ocurrido-en-baradero\/","title":{"rendered":"Aprehenden a un sospechoso de violento robo ocurrido en Baradero"},"content":{"rendered":"<!-- VideographyWP Plugin Message: Automatic video embedding prevented by plugin options. -->\n\n<p>Tras un operativo cerrojo y an\u00e1lisis de c\u00e1maras de seguridad, la polic\u00eda detuvo en San Pedro a un hombre acusado de participar en un violento robo en Baradero.<\/p>\n\n\n\n<p>Un <strong>importante operativo cerrojo policial<\/strong> permiti\u00f3 la <strong>aprehensi\u00f3n de un hombre en San Pedro<\/strong>, sospechado de ser <strong>uno de los autores del violento asalto<\/strong> ocurrido durante la madrugada en la ciudad de <strong>Baradero<\/strong>. Adem\u00e1s, se <strong>secuestr\u00f3 el veh\u00edculo utilizado para cometer el il\u00edcito<\/strong>.<\/p>\n\n\n\n<p>Seg\u00fan inform\u00f3 la polic\u00eda, <strong>las v\u00edctimas fueron sorprendidas mientras dorm\u00edan<\/strong> por <strong>delincuentes armados<\/strong> que, bajo amenazas, <strong>sustrajeron celulares, ropa, dinero en efectivo y una motocicleta<\/strong>.<br>Horas m\u00e1s tarde, el <strong>personal policial localiz\u00f3 en San Pedro la motocicleta robada<\/strong>, lo que permiti\u00f3 avanzar en la investigaci\u00f3n.<\/p>\n\n\n\n<p>La <strong>UFI N\u00b0 8 de Baradero<\/strong> solicit\u00f3 la intervenci\u00f3n de la <strong>Delegaci\u00f3n Departamental de Investigaciones (DDI) de Baradero<\/strong>, que junto a la polic\u00eda de esa ciudad <strong>analiz\u00f3 filmaciones de c\u00e1maras de seguridad<\/strong>. El seguimiento de las im\u00e1genes permiti\u00f3 <strong>identificar el autom\u00f3vil utilizado por los presuntos autores<\/strong> y su paso por <strong>San Pedro<\/strong>.<\/p>\n\n\n\n<p>Con esa informaci\u00f3n, en horas de la tarde, <strong>efectivos de la Sub DDI Baradero y la Estaci\u00f3n de Polic\u00eda Comunal (EPC) Baradero<\/strong> lograron <strong>interceptar el veh\u00edculo en Bozzano y Ruffa<\/strong>, en San Pedro.<br>El rodado <strong>pose\u00eda un pedido activo de secuestro por \u201cRobo Agravado\u201d<\/strong> (NSI 3233899), solicitado por la <strong>UFI N\u00b0 4 del Departamento Judicial Mercedes<\/strong>, con fecha <strong>12\/10\/25<\/strong>.<\/p>\n\n\n\n<p>Durante la requisa, el conductor fue encontrado con <strong>7.3 gramos de coca\u00edna<\/strong>.<br>Por disposici\u00f3n de la <strong>Fiscal de la UFI N\u00b0 8 de Baradero<\/strong>, el sujeto fue <strong>aprehendido por \u201cRobo Agravado por el uso de Arma de Fuego\u201d<\/strong>, mientras que la <strong>UFI N\u00b0 7 de San Pedro<\/strong> orden\u00f3 otra <strong>imputaci\u00f3n por Infracci\u00f3n a la Ley 23.737 (Ley de Estupefacientes)<\/strong>.<\/p>\n\n\n\n<p>El detenido <strong>ser\u00e1 indagado en sede judicial en las pr\u00f3ximas horas<\/strong>.<\/p>\n\n\n\n<p>#SanPedro #Baradero #Policiales #RoboAgravado #OperativoCerrojo #DDIBaradero #Seguridad #UFI8 #Aprehensi\u00f3n #Polic\u00edaBonaerense<\/p>\n","protected":false},"excerpt":{"rendered":"<p>Tras un operativo cerrojo y an\u00e1lisis de c\u00e1maras de seguridad, la polic\u00eda detuvo en San Pedro a un hombre acusado de participar en un violento robo en Baradero. Un importante operativo cerrojo policial permiti\u00f3 la aprehensi\u00f3n de un hombre en San Pedro, sospechado de ser uno de los autores del violento asalto ocurrido durante la [&hellip;]<\/p>\n","protected":false},"author":4,"featured_media":144345,"comment_status":"closed","ping_status":"closed","sticky":false,"template":"","format":"standard","meta":{"om_disable_all_campaigns":false,"_jetpack_memberships_contains_paid_content":false,"footnotes":""},"categories":[50,2,103],"tags":[3597,139,3972,6611,6707,3593,6705,1924,5676,19,6706],"class_list":["post-144344","post","type-post","status-publish","format-standard","has-post-thumbnail","hentry","category-destacadas","category-locales","category-policiales-locales","tag-aprehension-2","tag-baradero","tag-camaras-de-seguridad","tag-cocaina-2","tag-ddi-baradero","tag-investigacion-2","tag-operativo-cerrojo","tag-policia-bonaerense","tag-robo-agravado","tag-san-pedro","tag-ufi-8"],"aioseo_notices":[],"gutentor_comment":0,"jetpack_featured_media_url":"https:\/\/eldiariodesanpedro.com.ar\/sitio\/wp-content\/uploads\/2025\/10\/Moto-recuperada-1.jpg","jetpack_shortlink":"https:\/\/wp.me\/p6RhLt-By8","jetpack_sharing_enabled":true,"_links":{"self":[{"href":"https:\/\/eldiariodesanpedro.com.ar\/sitio\/wp-json\/wp\/v2\/posts\/144344","targetHints":{"allow":["GET"]}}],"collection":[{"href":"https:\/\/eldiariodesanpedro.com.ar\/sitio\/wp-json\/wp\/v2\/posts"}],"about":[{"href":"https:\/\/eldiariodesanpedro.com.ar\/sitio\/wp-json\/wp\/v2\/types\/post"}],"author":[{"embeddable":true,"href":"https:\/\/eldiariodesanpedro.com.ar\/sitio\/wp-json\/wp\/v2\/users\/4"}],"replies":[{"embeddable":true,"href":"https:\/\/eldiariodesanpedro.com.ar\/sitio\/wp-json\/wp\/v2\/comments?post=144344"}],"version-history":[{"count":1,"href":"https:\/\/eldiariodesanpedro.com.ar\/sitio\/wp-json\/wp\/v2\/posts\/144344\/revisions"}],"predecessor-version":[{"id":144346,"href":"https:\/\/eldiariodesanpedro.com.ar\/sitio\/wp-json\/wp\/v2\/posts\/144344\/revisions\/144346"}],"wp:featuredmedia":[{"embeddable":true,"href":"https:\/\/eldiariodesanpedro.com.ar\/sitio\/wp-json\/wp\/v2\/media\/144345"}],"wp:attachment":[{"href":"https:\/\/eldiariodesanpedro.com.ar\/sitio\/wp-json\/wp\/v2\/media?parent=144344"}],"wp:term":[{"taxonomy":"category","embeddable":true,"href":"https:\/\/eldiariodesanpedro.com.ar\/sitio\/wp-json\/wp\/v2\/categories?post=144344"},{"taxonomy":"post_tag","embeddable":true,"href":"https:\/\/eldiariodesanpedro.com.ar\/sitio\/wp-json\/wp\/v2\/tags?post=144344"}],"curies":[{"name":"wp","href":"https:\/\/api.w.org\/{rel}","templated":true}]}}