{"id":144342,"date":"2025-10-13T15:36:35","date_gmt":"2025-10-13T18:36:35","guid":{"rendered":"https:\/\/eldiariodesanpedro.com.ar\/sitio\/?p=144342"},"modified":"2025-10-13T15:36:39","modified_gmt":"2025-10-13T18:36:39","slug":"dos-hombres-aprehendidos-por-agredir-a-sus-hijas-en-distintos-hechos-de-violencia-familiar","status":"publish","type":"post","link":"https:\/\/eldiariodesanpedro.com.ar\/sitio\/dos-hombres-aprehendidos-por-agredir-a-sus-hijas-en-distintos-hechos-de-violencia-familiar\/","title":{"rendered":"Dos hombres aprehendidos por agredir a sus hijas en distintos hechos de violencia familiar"},"content":{"rendered":"<!-- VideographyWP Plugin Message: Automatic video embedding prevented by plugin options. -->\n\n<p>En dos intervenciones policiales motivadas por llamados al 911, fueron aprehendidos dos hombres acusados de agredir f\u00edsicamente a sus hijas. Ambos quedaron a disposici\u00f3n de la UFI N\u00b0 7.<\/p>\n\n\n\n<p>En <strong>dos procedimientos distintos<\/strong>, realizados tras llamados al <strong>911<\/strong>, <strong>personal policial de San Pedro<\/strong> aprehendi\u00f3 a <strong>dos hombres acusados de agredir f\u00edsicamente a sus hijas<\/strong> en el marco de conflictos familiares. <strong>Ambos casos quedaron a disposici\u00f3n de la Unidad Funcional de Instrucci\u00f3n (UFI) N\u00b0 7.<\/strong><\/p>\n\n\n\n<p>El <strong>primer incidente<\/strong> ocurri\u00f3 en la <strong>intersecci\u00f3n de Javier Rivero y Liniers<\/strong>, donde los efectivos intervinieron tras un <strong>alerta por conflicto familiar<\/strong> y procedieron a la <strong>aprehensi\u00f3n de un hombre de 50 a\u00f1os<\/strong>. Seg\u00fan informaron, el sujeto <strong>agredi\u00f3 a su hija de 29 a\u00f1os<\/strong>, provoc\u00e1ndole <strong>cortes leves y la p\u00e9rdida de una pieza dentaria<\/strong>. La joven fue asistida y trasladada a la <strong>Comisar\u00eda de la Mujer y la Familia<\/strong>.<br>El hombre fue <strong>imputado por Lesiones Leves, Amenazas e Infracci\u00f3n a la Ley 12.569<\/strong> (Ley de Violencia Familiar de la Provincia de Buenos Aires).<\/p>\n\n\n\n<p><strong>Horas despu\u00e9s<\/strong>, otro hecho de <strong>violencia intrafamiliar<\/strong> se registr\u00f3 en la <strong>calle Cruz Roja al 1700<\/strong>. Tras un llamado al <strong>sistema de emergencias 911<\/strong>, la polic\u00eda aprehendi\u00f3 a <strong>un hombre de 40 a\u00f1os<\/strong>, quien hab\u00eda <strong>agredido f\u00edsicamente a sus dos hijas<\/strong>, de <strong>21 y 24 a\u00f1os<\/strong>, caus\u00e1ndoles <strong>lesiones leves<\/strong>.<br>El agresor fue <strong>trasladado a la dependencia policial<\/strong> e <strong>imputado por Lesiones Leves e Infracci\u00f3n a la Ley 12.569<\/strong>.<\/p>\n\n\n\n<p><strong>Ambos detenidos<\/strong> y las <strong>actuaciones correspondientes<\/strong> quedaron <strong>a disposici\u00f3n de la UFI N\u00b0 7 de San Pedro<\/strong>, que lleva adelante la investigaci\u00f3n.<\/p>\n\n\n\n<p>#ViolenciaFamiliar #SanPedro #Polic\u00edaDeSanPedro #UFI7 #Seguridad #Policiales #ViolenciaDeG\u00e9nero<\/p>\n","protected":false},"excerpt":{"rendered":"<p>En dos intervenciones policiales motivadas por llamados al 911, fueron aprehendidos dos hombres acusados de agredir f\u00edsicamente a sus hijas. Ambos quedaron a disposici\u00f3n de la UFI N\u00b0 7. En dos procedimientos distintos, realizados tras llamados al 911, personal policial de San Pedro aprehendi\u00f3 a dos hombres acusados de agredir f\u00edsicamente a sus hijas en [&hellip;]<\/p>\n","protected":false},"author":4,"featured_media":77860,"comment_status":"closed","ping_status":"closed","sticky":false,"template":"","format":"standard","meta":{"om_disable_all_campaigns":false,"_jetpack_memberships_contains_paid_content":false,"footnotes":""},"categories":[2,103],"tags":[6701,6704,6703,6702,5530,5445],"class_list":["post-144342","post","type-post","status-publish","format-standard","has-post-thumbnail","hentry","category-locales","category-policiales-locales","tag-aprehendidos-por-agresion","tag-delitos-de-lesiones-leves","tag-ley-12-569-buenos-aires","tag-policia-de-san-pedro","tag-ufi-n-7-san-pedro","tag-violencia-familiar-san-pedro"],"aioseo_notices":[],"gutentor_comment":0,"jetpack_featured_media_url":"https:\/\/eldiariodesanpedro.com.ar\/sitio\/wp-content\/uploads\/2020\/07\/000085506.jpg","jetpack_shortlink":"https:\/\/wp.me\/p6RhLt-By6","jetpack_sharing_enabled":true,"_links":{"self":[{"href":"https:\/\/eldiariodesanpedro.com.ar\/sitio\/wp-json\/wp\/v2\/posts\/144342","targetHints":{"allow":["GET"]}}],"collection":[{"href":"https:\/\/eldiariodesanpedro.com.ar\/sitio\/wp-json\/wp\/v2\/posts"}],"about":[{"href":"https:\/\/eldiariodesanpedro.com.ar\/sitio\/wp-json\/wp\/v2\/types\/post"}],"author":[{"embeddable":true,"href":"https:\/\/eldiariodesanpedro.com.ar\/sitio\/wp-json\/wp\/v2\/users\/4"}],"replies":[{"embeddable":true,"href":"https:\/\/eldiariodesanpedro.com.ar\/sitio\/wp-json\/wp\/v2\/comments?post=144342"}],"version-history":[{"count":1,"href":"https:\/\/eldiariodesanpedro.com.ar\/sitio\/wp-json\/wp\/v2\/posts\/144342\/revisions"}],"predecessor-version":[{"id":144343,"href":"https:\/\/eldiariodesanpedro.com.ar\/sitio\/wp-json\/wp\/v2\/posts\/144342\/revisions\/144343"}],"wp:featuredmedia":[{"embeddable":true,"href":"https:\/\/eldiariodesanpedro.com.ar\/sitio\/wp-json\/wp\/v2\/media\/77860"}],"wp:attachment":[{"href":"https:\/\/eldiariodesanpedro.com.ar\/sitio\/wp-json\/wp\/v2\/media?parent=144342"}],"wp:term":[{"taxonomy":"category","embeddable":true,"href":"https:\/\/eldiariodesanpedro.com.ar\/sitio\/wp-json\/wp\/v2\/categories?post=144342"},{"taxonomy":"post_tag","embeddable":true,"href":"https:\/\/eldiariodesanpedro.com.ar\/sitio\/wp-json\/wp\/v2\/tags?post=144342"}],"curies":[{"name":"wp","href":"https:\/\/api.w.org\/{rel}","templated":true}]}}