{"id":144328,"date":"2025-10-13T11:38:56","date_gmt":"2025-10-13T14:38:56","guid":{"rendered":"https:\/\/eldiariodesanpedro.com.ar\/sitio\/?p=144328"},"modified":"2025-10-13T11:39:00","modified_gmt":"2025-10-13T14:39:00","slug":"hallan-sin-vida-a-un-hombre-tras-un-incendio-en-una-vivienda-de-general-pueyrredon","status":"publish","type":"post","link":"https:\/\/eldiariodesanpedro.com.ar\/sitio\/hallan-sin-vida-a-un-hombre-tras-un-incendio-en-una-vivienda-de-general-pueyrredon\/","title":{"rendered":"Hallan sin vida a un hombre tras un incendio en una vivienda de General Pueyrred\u00f3n"},"content":{"rendered":"<!-- VideographyWP Plugin Message: Automatic video embedding prevented by plugin options. -->\n\n<p>Un hombre de unos 70 a\u00f1os fue encontrado sin vida dentro de su vivienda en General Pueyrred\u00f3n 475, tras un incendio ocurrido durante la noche del domingo.<\/p>\n\n\n\n<p>Un <strong>hombre de alrededor de 70 a\u00f1os<\/strong> fue hallado <strong>sin vida dentro de su vivienda<\/strong>, ubicada en <strong>General Pueyrred\u00f3n 475<\/strong>, luego de que el inmueble se incendiara durante la <strong>noche del domingo<\/strong>.<\/p>\n\n\n\n<p>Vecinos del lugar <strong>advirtieron el siniestro<\/strong> e intentaron ingresar para auxiliar a la v\u00edctima, aunque <strong>no lograron acceder<\/strong> debido al <strong>denso humo y las llamas<\/strong> que r\u00e1pidamente se propagaron por la casa.<\/p>\n\n\n\n<p><strong>Dos dotaciones de Bomberos Voluntarios<\/strong> trabajaron intensamente para <strong>controlar y extinguir el fuego<\/strong>, y al ingresar al interior del inmueble <strong>constataron el fallecimiento del hombre<\/strong>.<\/p>\n\n\n\n<p>Seg\u00fan las primeras pericias, <strong>todo indica que la muerte se produjo por asfixia<\/strong>, aunque la <strong>Justicia orden\u00f3 la realizaci\u00f3n de una autopsia<\/strong> en la <strong>morgue judicial<\/strong> para determinar las causas exactas del deceso.<\/p>\n\n\n\n<p>#Incendio #BomberosVoluntarios #SanPedro #Emergencia #Investigaci\u00f3nJudicial #NoticiasSanPedro<\/p>\n","protected":false},"excerpt":{"rendered":"<p>Un hombre de unos 70 a\u00f1os fue encontrado sin vida dentro de su vivienda en General Pueyrred\u00f3n 475, tras un incendio ocurrido durante la noche del domingo. Un hombre de alrededor de 70 a\u00f1os fue hallado sin vida dentro de su vivienda, ubicada en General Pueyrred\u00f3n 475, luego de que el inmueble se incendiara durante [&hellip;]<\/p>\n","protected":false},"author":4,"featured_media":144329,"comment_status":"closed","ping_status":"closed","sticky":false,"template":"","format":"standard","meta":{"om_disable_all_campaigns":false,"_jetpack_memberships_contains_paid_content":false,"footnotes":""},"categories":[50,2,103],"tags":[1008,981,1545,6685,6684,5478,3698,592,6686],"class_list":["post-144328","post","type-post","status-publish","format-standard","has-post-thumbnail","hentry","category-destacadas","category-locales","category-policiales-locales","tag-autopsia","tag-bomberos-voluntarios","tag-fuego","tag-general-pueyrredon-475","tag-hombre-fallecido","tag-incendio-en-san-pedro","tag-justicia","tag-operativo","tag-siniestro"],"aioseo_notices":[],"gutentor_comment":0,"jetpack_featured_media_url":"https:\/\/eldiariodesanpedro.com.ar\/sitio\/wp-content\/uploads\/2025\/10\/Incendio-vivienda-otro-mas.jpg","jetpack_shortlink":"https:\/\/wp.me\/p6RhLt-BxS","jetpack_sharing_enabled":true,"_links":{"self":[{"href":"https:\/\/eldiariodesanpedro.com.ar\/sitio\/wp-json\/wp\/v2\/posts\/144328","targetHints":{"allow":["GET"]}}],"collection":[{"href":"https:\/\/eldiariodesanpedro.com.ar\/sitio\/wp-json\/wp\/v2\/posts"}],"about":[{"href":"https:\/\/eldiariodesanpedro.com.ar\/sitio\/wp-json\/wp\/v2\/types\/post"}],"author":[{"embeddable":true,"href":"https:\/\/eldiariodesanpedro.com.ar\/sitio\/wp-json\/wp\/v2\/users\/4"}],"replies":[{"embeddable":true,"href":"https:\/\/eldiariodesanpedro.com.ar\/sitio\/wp-json\/wp\/v2\/comments?post=144328"}],"version-history":[{"count":1,"href":"https:\/\/eldiariodesanpedro.com.ar\/sitio\/wp-json\/wp\/v2\/posts\/144328\/revisions"}],"predecessor-version":[{"id":144330,"href":"https:\/\/eldiariodesanpedro.com.ar\/sitio\/wp-json\/wp\/v2\/posts\/144328\/revisions\/144330"}],"wp:featuredmedia":[{"embeddable":true,"href":"https:\/\/eldiariodesanpedro.com.ar\/sitio\/wp-json\/wp\/v2\/media\/144329"}],"wp:attachment":[{"href":"https:\/\/eldiariodesanpedro.com.ar\/sitio\/wp-json\/wp\/v2\/media?parent=144328"}],"wp:term":[{"taxonomy":"category","embeddable":true,"href":"https:\/\/eldiariodesanpedro.com.ar\/sitio\/wp-json\/wp\/v2\/categories?post=144328"},{"taxonomy":"post_tag","embeddable":true,"href":"https:\/\/eldiariodesanpedro.com.ar\/sitio\/wp-json\/wp\/v2\/tags?post=144328"}],"curies":[{"name":"wp","href":"https:\/\/api.w.org\/{rel}","templated":true}]}}