{"id":14432,"date":"2017-02-09T20:49:54","date_gmt":"2017-02-09T23:49:54","guid":{"rendered":"https:\/\/eldiariodesanpedro.com.ar\/sitio\/?p=14432"},"modified":"2026-01-23T23:20:22","modified_gmt":"2026-01-24T02:20:22","slug":"carrascosa-aseguro-que-su-vida-esta-dedicada-a-encontrar-a-los-asesinos-de-su-esposa","status":"publish","type":"post","link":"https:\/\/eldiariodesanpedro.com.ar\/sitio\/carrascosa-aseguro-que-su-vida-esta-dedicada-a-encontrar-a-los-asesinos-de-su-esposa\/","title":{"rendered":"Carrascosa asegur\u00f3 que su \u00abvida\u00bb est\u00e1 dedicada a encontrar a los asesinos\u00bb de su esposa"},"content":{"rendered":"<p><!-- VideographyWP Plugin Message: Automatic video embedding prevented by plugin options. --><br \/>\n(NA) &#8211; A poco m\u00e1s de un mes de recuperar su libertad y tras pasar siete a\u00f1os y medio preso, Carlos Carrascosa, asegur\u00f3 que su \u00abvida\u00bb est\u00e1 dedicada a encontrar a los responsables del crimen de su esposa Mar\u00eda Marta Garc\u00eda Belsunce.<\/p>\n<p>   Tras ser condenado en un primer juicio por \u00abencubrimiento\u00bb y en un segundo debate como \u00abcoautor\u00bb del homicidio de su esposa, el financista fue absuelto en diciembre pasado, y si en nueve meses no hay nuevos imputados, la causa prescribir\u00e1.<\/p>\n<p>   \u00abMi vida es para averiguar quien mat\u00f3 a mi mujer. Yo quiero llegar arriba a encontrarme con ella y darle un papelito con los nombres\u00bb, asegur\u00f3 Carrascosa.<\/p>\n<p>   En di\u00e1logo con el diario Cr\u00f3nica, cont\u00f3 que se present\u00f3 el primer d\u00eda h\u00e1bil despu\u00e9s de la feria en la fiscal\u00eda que investiga el caso y se puso a disposici\u00f3n de los investigadores.<\/p>\n<p>   \u00abVi buena disposici\u00f3n de parte de ellos. Me puse a disposici\u00f3n para lo que necesiten y les dej\u00e9 mi tel\u00e9fono\u00bb, a\u00f1adi\u00f3 al referirse a los fiscales Leonardo Loiterstein, Andr\u00e9s Quintana y Mar\u00ed\u00ada In\u00e9s Dom\u00ed\u00adnguez, que est\u00e1n actualmente al frente del caso.<\/p>\n<p>   En cuanto a su situaci\u00f3n, Carrascosa volvi\u00f3 al country El Carmel, de Pilar, pero no a la casa en la que viv\u00eda con su esposa.<br \/>\n   \u00abA mi casa no voy a volver, est\u00e1 alquilada y va a seguir as\u00ed.<\/p>\n<p>Cuando salga la sucesi\u00f3n, voy a ver que hacer, pero no voy a volver ah\u00ed\u00bb, sostuvo en alusi\u00f3n a la casa en la que asesinaron a Mar\u00eda Marta.<\/p>\n<p>   En cuanto a como lo ve la sociedad en la calle, admiti\u00f3 que \u00abhay gente que cree\u00bb que es \u00abculpable\u00bb y \u00abhay mucha\u00bb que est\u00e1 a favor.<\/p>\n<p>   \u00abCirculo normalmente y nunca tuve problemas con nadie. Voy al supermercado, a cenar a veces, ya se hizo un h\u00e1bito todos los d\u00edas salir en alg\u00fan momento. Estoy trat\u00e1ndome psicol\u00f3gicamente. <\/p>\n<p>No es f\u00e1cil entrar y no es f\u00e1cil salir de prisi\u00f3n\u00bb, expres\u00f3.<\/p>\n<p>   Mar\u00eda Marta Garc\u00eda Belsunce, de 50 a\u00f1os, apareci\u00f3 muerta el 27 de octubre de 2002 en el ba\u00f1o de su casa, en el country El Carmel de Pilar.<\/p>\n<p>   La familia la vel\u00f3 en la misma vivienda y a todos les dijeron que hab\u00eda sufrido un accidente dom\u00e9stico en el ba\u00f1o.<\/p>\n<p>   Reci\u00e9n el 2 de diciembre de ese a\u00f1o los m\u00e9dicos forenses hallaron cinco proyectiles en la cabeza de la mujer.<\/p>\n<p>    La causa tuvo un giro inesperado y el fiscal Diego Molina Pico acus\u00f3 por \u00abencubrimiento agravado\u00bb a Horacio Garc\u00eda Belsunce (h); al viudo Carrascosa; al cu\u00f1ado Guillermo B\u00e1rtoli (ya fallecido); al padrastro Constantino Hurtig; al medio hermano John Hurtig; a la masajista Beatriz Michelini; a los vecinos del country Sergio Binello y Nora Taylor; y al m\u00e9dico Juan Ram\u00f3n Gauvry Gordon.<\/p>\n<p>   En 2007, se realiz\u00f3 el primer juicio oral: el Tribunal Oral N\u00b0 6 de San Isidro absolvi\u00f3 por unanimidad a Carrascosa por el \u00abhomicidio\u00bb, pero lo conden\u00f3 en un fallo dividido (dos votos contra uno) por \u00abencubrimiento\u00bb a la pena de cinco a\u00f1os y medio de prisi\u00f3n.<\/p>\n<p>   Dos a\u00f1os m\u00e1s tarde, en junio de 2009, la C\u00e1mara de Casaci\u00f3n Penal bonaerense revoc\u00f3 el fallo de primera instancia y conden\u00f3 al viudo a la pena de prisi\u00f3n perpetua como \u00abcoautor de homicidio calificado\u00bb.<\/p>\n<p>   En la investigaci\u00f3n realizada hasta 2009 se apunt\u00f3 a un complot de la familia y el entorno de la v\u00edctima para ocultar el crimen, mientras que los allegados sostuvieron la teor\u00eda de un asesinato en el marco de un robo.<\/p>\n<p>   El 4 de noviembre de 2011 el Tribunal Oral N\u00b0 1 de San Isidro conden\u00f3 a B\u00e1rtoli a cinco a\u00f1os de prisi\u00f3n; a Horacio Garc\u00eda Belsunce, a cuatro; a John Hurtig, a tres a\u00f1os y medio; al m\u00e9dico Gauvry Gordon y a Sergio Binello, a tres a\u00f1os, todos ellos por el delito de \u00abencubrimiento\u00bb y poco despu\u00e9s recuperaron la libertad, en una decisi\u00f3n que fue apelada y lleg\u00f3 a la Corte.<\/p>\n<p>   El 10 de septiembre de 2012, la Corte Suprema de Justicia bonaerense ratific\u00f3 la condena a prisi\u00f3n perpetua de Carrascosa al rechazar dos pedidos de nulidad presentados por su defensa y el viudo reci\u00e9n fue beneficiado con el arresto domiciliario en febrero de 2015.<\/p>\n<p>   Finalmente, el 20 de diciembre, la Sala V del Tribunal de Casaci\u00f3n Penal provincial determin\u00f3 la absoluci\u00f3n del viudo tras proceder a una revisi\u00f3n del caso ordenada por la Corte Suprema de Justicia.<\/p>\n<p>   El fallo fue apelado por el fiscal ante Casaci\u00f3n Penal, Carlos Altuve, mediante un recurso extraordinario presentado ante la Suprema Corte provincial con el fin de que se reinstaure la condena impuesta a Carrascosa en 2009.<\/p>\n<p>   La fecha de cierre de la causa se producir\u00e1 cuando se cumplan 15 a\u00f1os del crimen, es decir, el 27 de octubre pr\u00f3ximo.<\/p>\n<p>   La clave del caso est\u00e1 en tres tipos de ADN, dos masculinos y uno femenino, encontrados en la escena del crimen, que por el momento no pudieron ser identificados.<\/p>\n","protected":false},"excerpt":{"rendered":"<p>(NA) &#8211; A poco m\u00e1s de un mes de recuperar su libertad y tras pasar siete a\u00f1os y medio preso, Carlos Carrascosa, asegur\u00f3 que su \u00abvida\u00bb est\u00e1 dedicada a encontrar a los responsables del crimen de su esposa Mar\u00eda Marta Garc\u00eda Belsunce. Tras ser condenado en un primer juicio por \u00abencubrimiento\u00bb y en un segundo [&hellip;]<\/p>\n","protected":false},"author":4,"featured_media":14433,"comment_status":"open","ping_status":"closed","sticky":false,"template":"","format":"standard","meta":{"om_disable_all_campaigns":false,"_jetpack_memberships_contains_paid_content":false,"footnotes":""},"categories":[3],"tags":[],"class_list":["post-14432","post","type-post","status-publish","format-standard","has-post-thumbnail","hentry","category-nacionales"],"aioseo_notices":[],"gutentor_comment":0,"jetpack_featured_media_url":"https:\/\/eldiariodesanpedro.com.ar\/sitio\/wp-content\/uploads\/2017\/02\/carrascosa.jpg","jetpack_shortlink":"https:\/\/wp.me\/p6RhLt-3KM","jetpack_sharing_enabled":true,"_links":{"self":[{"href":"https:\/\/eldiariodesanpedro.com.ar\/sitio\/wp-json\/wp\/v2\/posts\/14432","targetHints":{"allow":["GET"]}}],"collection":[{"href":"https:\/\/eldiariodesanpedro.com.ar\/sitio\/wp-json\/wp\/v2\/posts"}],"about":[{"href":"https:\/\/eldiariodesanpedro.com.ar\/sitio\/wp-json\/wp\/v2\/types\/post"}],"author":[{"embeddable":true,"href":"https:\/\/eldiariodesanpedro.com.ar\/sitio\/wp-json\/wp\/v2\/users\/4"}],"replies":[{"embeddable":true,"href":"https:\/\/eldiariodesanpedro.com.ar\/sitio\/wp-json\/wp\/v2\/comments?post=14432"}],"version-history":[{"count":1,"href":"https:\/\/eldiariodesanpedro.com.ar\/sitio\/wp-json\/wp\/v2\/posts\/14432\/revisions"}],"predecessor-version":[{"id":14434,"href":"https:\/\/eldiariodesanpedro.com.ar\/sitio\/wp-json\/wp\/v2\/posts\/14432\/revisions\/14434"}],"wp:featuredmedia":[{"embeddable":true,"href":"https:\/\/eldiariodesanpedro.com.ar\/sitio\/wp-json\/wp\/v2\/media\/14433"}],"wp:attachment":[{"href":"https:\/\/eldiariodesanpedro.com.ar\/sitio\/wp-json\/wp\/v2\/media?parent=14432"}],"wp:term":[{"taxonomy":"category","embeddable":true,"href":"https:\/\/eldiariodesanpedro.com.ar\/sitio\/wp-json\/wp\/v2\/categories?post=14432"},{"taxonomy":"post_tag","embeddable":true,"href":"https:\/\/eldiariodesanpedro.com.ar\/sitio\/wp-json\/wp\/v2\/tags?post=14432"}],"curies":[{"name":"wp","href":"https:\/\/api.w.org\/{rel}","templated":true}]}}