{"id":144315,"date":"2025-10-13T11:05:16","date_gmt":"2025-10-13T14:05:16","guid":{"rendered":"https:\/\/eldiariodesanpedro.com.ar\/sitio\/?p=144315"},"modified":"2025-10-13T11:05:21","modified_gmt":"2025-10-13T14:05:21","slug":"despedida-de-la-delegacion-sampedrina-rumbo-a-las-finales-de-los-juegos-bonaerenses","status":"publish","type":"post","link":"https:\/\/eldiariodesanpedro.com.ar\/sitio\/despedida-de-la-delegacion-sampedrina-rumbo-a-las-finales-de-los-juegos-bonaerenses\/","title":{"rendered":"Despedida de la delegaci\u00f3n sampedrina rumbo a las finales de los Juegos Bonaerenses"},"content":{"rendered":"<!-- VideographyWP Plugin Message: Automatic video embedding prevented by plugin options. -->\n\n<p>La delegaci\u00f3n de San Pedro, compuesta por m\u00e1s de 300 deportistas, viaj\u00f3 a Mar del Plata para representar al distrito en las finales provinciales de los Juegos Bonaerenses 2025.<\/p>\n\n\n\n<p>Este <strong>domingo por la noche<\/strong>, en el <strong>Palacio Municipal<\/strong>, se realiz\u00f3 la <strong>despedida oficial de la delegaci\u00f3n sampedrina<\/strong> que parti\u00f3 hacia la ciudad de <strong>Mar del Plata<\/strong> para competir en las <strong>finales de los Juegos Bonaerenses 2025<\/strong>.<\/p>\n\n\n\n<p>El grupo est\u00e1 <strong>integrado por cerca de 300 personas<\/strong>, entre <strong>deportistas, entrenadores y acompa\u00f1antes<\/strong>, quienes representar\u00e1n a <strong>San Pedro<\/strong> en distintas disciplinas durante toda la semana, desde el <strong>lunes 13 hasta el s\u00e1bado 18 de octubre<\/strong>, cuando emprender\u00e1n el regreso tras el almuerzo.<\/p>\n\n\n\n<p>La <strong>Direcci\u00f3n de Deportes<\/strong>, encabezada por <strong>Valent\u00edn Bravo<\/strong>, tiene a su cargo la <strong>coordinaci\u00f3n general<\/strong> del viaje, con el acompa\u00f1amiento de <strong>personal m\u00e9dico de la Secretar\u00eda de Salud<\/strong> para garantizar la atenci\u00f3n y el bienestar de todos los participantes.<\/p>\n\n\n\n<p>Gran parte de los integrantes proviene de las <strong>Escuelas Deportivas Municipales<\/strong>, un programa que impulsa el <strong>desarrollo del deporte local<\/strong> y la <strong>participaci\u00f3n juvenil<\/strong> durante todo el a\u00f1o.<\/p>\n\n\n\n<p>En la despedida estuvieron presentes <strong>familiares, entrenadores y miembros del equipo de gobierno<\/strong>, quienes, en representaci\u00f3n del <strong>Intendente Cecilio Salazar<\/strong>, expresaron su <strong>orgullo y apoyo<\/strong> a cada uno de los competidores.<\/p>\n\n\n\n<p>Desde la <strong>Municipalidad de San Pedro<\/strong> se felicita a todos los integrantes de la delegaci\u00f3n, dese\u00e1ndoles <strong>\u00e9xito y una gran experiencia<\/strong> en esta nueva edici\u00f3n de los Juegos Bonaerenses, un evento que <strong>celebra el esfuerzo, la convivencia y el esp\u00edritu deportivo<\/strong>.<\/p>\n\n\n\n<p>#JuegosBonaerenses2025 #SanPedro #DeportesSanPedro #DelegacionSampedrina #MarDelPlata #OrgulloSampedrino #DeporteJuvenil #MunicipalidadDeSanPedro<\/p>\n\n\n\n<div class=\"wp-block-jetpack-slideshow aligncenter\" data-effect=\"slide\"><div class=\"wp-block-jetpack-slideshow_container swiper-container\"><ul class=\"wp-block-jetpack-slideshow_swiper-wrapper swiper-wrapper\"><li class=\"wp-block-jetpack-slideshow_slide swiper-slide\"><figure><img decoding=\"async\" width=\"946\" height=\"630\" alt=\"\" class=\"wp-block-jetpack-slideshow_image wp-image-144322 lazyload\" data-id=\"144322\" data-src=\"https:\/\/eldiariodesanpedro.com.ar\/sitio\/wp-content\/uploads\/2025\/10\/Imagen-de-WhatsApp-2025-10-13-a-las-08.17.33_733e2044.jpg\" data-srcset=\"https:\/\/eldiariodesanpedro.com.ar\/sitio\/wp-content\/uploads\/2025\/10\/Imagen-de-WhatsApp-2025-10-13-a-las-08.17.33_733e2044.jpg 946w, https:\/\/eldiariodesanpedro.com.ar\/sitio\/wp-content\/uploads\/2025\/10\/Imagen-de-WhatsApp-2025-10-13-a-las-08.17.33_733e2044-300x200.jpg 300w, https:\/\/eldiariodesanpedro.com.ar\/sitio\/wp-content\/uploads\/2025\/10\/Imagen-de-WhatsApp-2025-10-13-a-las-08.17.33_733e2044-768x511.jpg 768w\" data-sizes=\"(max-width: 946px) 100vw, 946px\" src=\"data:image\/svg+xml;base64,PHN2ZyB3aWR0aD0iMSIgaGVpZ2h0PSIxIiB4bWxucz0iaHR0cDovL3d3dy53My5vcmcvMjAwMC9zdmciPjwvc3ZnPg==\" style=\"--smush-placeholder-width: 946px; --smush-placeholder-aspect-ratio: 946\/630;\" \/><\/figure><\/li><li class=\"wp-block-jetpack-slideshow_slide swiper-slide\"><figure><img decoding=\"async\" width=\"946\" height=\"630\" alt=\"\" class=\"wp-block-jetpack-slideshow_image wp-image-144321 lazyload\" data-id=\"144321\" data-src=\"https:\/\/eldiariodesanpedro.com.ar\/sitio\/wp-content\/uploads\/2025\/10\/Imagen-de-WhatsApp-2025-10-13-a-las-08.17.33_66b5fafc.jpg\" data-srcset=\"https:\/\/eldiariodesanpedro.com.ar\/sitio\/wp-content\/uploads\/2025\/10\/Imagen-de-WhatsApp-2025-10-13-a-las-08.17.33_66b5fafc.jpg 946w, https:\/\/eldiariodesanpedro.com.ar\/sitio\/wp-content\/uploads\/2025\/10\/Imagen-de-WhatsApp-2025-10-13-a-las-08.17.33_66b5fafc-300x200.jpg 300w, https:\/\/eldiariodesanpedro.com.ar\/sitio\/wp-content\/uploads\/2025\/10\/Imagen-de-WhatsApp-2025-10-13-a-las-08.17.33_66b5fafc-768x511.jpg 768w\" data-sizes=\"(max-width: 946px) 100vw, 946px\" src=\"data:image\/svg+xml;base64,PHN2ZyB3aWR0aD0iMSIgaGVpZ2h0PSIxIiB4bWxucz0iaHR0cDovL3d3dy53My5vcmcvMjAwMC9zdmciPjwvc3ZnPg==\" style=\"--smush-placeholder-width: 946px; --smush-placeholder-aspect-ratio: 946\/630;\" \/><\/figure><\/li><li class=\"wp-block-jetpack-slideshow_slide swiper-slide\"><figure><img decoding=\"async\" width=\"946\" height=\"630\" alt=\"\" class=\"wp-block-jetpack-slideshow_image wp-image-144318 lazyload\" data-id=\"144318\" data-src=\"https:\/\/eldiariodesanpedro.com.ar\/sitio\/wp-content\/uploads\/2025\/10\/Imagen-de-WhatsApp-2025-10-13-a-las-08.17.32_c986bb9a.jpg\" data-srcset=\"https:\/\/eldiariodesanpedro.com.ar\/sitio\/wp-content\/uploads\/2025\/10\/Imagen-de-WhatsApp-2025-10-13-a-las-08.17.32_c986bb9a.jpg 946w, https:\/\/eldiariodesanpedro.com.ar\/sitio\/wp-content\/uploads\/2025\/10\/Imagen-de-WhatsApp-2025-10-13-a-las-08.17.32_c986bb9a-300x200.jpg 300w, https:\/\/eldiariodesanpedro.com.ar\/sitio\/wp-content\/uploads\/2025\/10\/Imagen-de-WhatsApp-2025-10-13-a-las-08.17.32_c986bb9a-768x511.jpg 768w\" data-sizes=\"(max-width: 946px) 100vw, 946px\" src=\"data:image\/svg+xml;base64,PHN2ZyB3aWR0aD0iMSIgaGVpZ2h0PSIxIiB4bWxucz0iaHR0cDovL3d3dy53My5vcmcvMjAwMC9zdmciPjwvc3ZnPg==\" style=\"--smush-placeholder-width: 946px; --smush-placeholder-aspect-ratio: 946\/630;\" \/><\/figure><\/li><li class=\"wp-block-jetpack-slideshow_slide swiper-slide\"><figure><img decoding=\"async\" width=\"946\" height=\"630\" alt=\"\" class=\"wp-block-jetpack-slideshow_image wp-image-144317 lazyload\" data-id=\"144317\" data-src=\"https:\/\/eldiariodesanpedro.com.ar\/sitio\/wp-content\/uploads\/2025\/10\/Imagen-de-WhatsApp-2025-10-13-a-las-08.17.32_01109033.jpg\" data-srcset=\"https:\/\/eldiariodesanpedro.com.ar\/sitio\/wp-content\/uploads\/2025\/10\/Imagen-de-WhatsApp-2025-10-13-a-las-08.17.32_01109033.jpg 946w, https:\/\/eldiariodesanpedro.com.ar\/sitio\/wp-content\/uploads\/2025\/10\/Imagen-de-WhatsApp-2025-10-13-a-las-08.17.32_01109033-300x200.jpg 300w, https:\/\/eldiariodesanpedro.com.ar\/sitio\/wp-content\/uploads\/2025\/10\/Imagen-de-WhatsApp-2025-10-13-a-las-08.17.32_01109033-768x511.jpg 768w\" data-sizes=\"(max-width: 946px) 100vw, 946px\" src=\"data:image\/svg+xml;base64,PHN2ZyB3aWR0aD0iMSIgaGVpZ2h0PSIxIiB4bWxucz0iaHR0cDovL3d3dy53My5vcmcvMjAwMC9zdmciPjwvc3ZnPg==\" style=\"--smush-placeholder-width: 946px; --smush-placeholder-aspect-ratio: 946\/630;\" \/><\/figure><\/li><li class=\"wp-block-jetpack-slideshow_slide swiper-slide\"><figure><img decoding=\"async\" width=\"946\" height=\"630\" alt=\"\" class=\"wp-block-jetpack-slideshow_image wp-image-144316 lazyload\" data-id=\"144316\" data-src=\"https:\/\/eldiariodesanpedro.com.ar\/sitio\/wp-content\/uploads\/2025\/10\/Imagen-de-WhatsApp-2025-10-13-a-las-08.17.31_1bc878fc.jpg\" data-srcset=\"https:\/\/eldiariodesanpedro.com.ar\/sitio\/wp-content\/uploads\/2025\/10\/Imagen-de-WhatsApp-2025-10-13-a-las-08.17.31_1bc878fc.jpg 946w, https:\/\/eldiariodesanpedro.com.ar\/sitio\/wp-content\/uploads\/2025\/10\/Imagen-de-WhatsApp-2025-10-13-a-las-08.17.31_1bc878fc-300x200.jpg 300w, https:\/\/eldiariodesanpedro.com.ar\/sitio\/wp-content\/uploads\/2025\/10\/Imagen-de-WhatsApp-2025-10-13-a-las-08.17.31_1bc878fc-768x511.jpg 768w\" data-sizes=\"(max-width: 946px) 100vw, 946px\" src=\"data:image\/svg+xml;base64,PHN2ZyB3aWR0aD0iMSIgaGVpZ2h0PSIxIiB4bWxucz0iaHR0cDovL3d3dy53My5vcmcvMjAwMC9zdmciPjwvc3ZnPg==\" style=\"--smush-placeholder-width: 946px; --smush-placeholder-aspect-ratio: 946\/630;\" \/><\/figure><\/li><\/ul><a class=\"wp-block-jetpack-slideshow_button-prev swiper-button-prev swiper-button-white\" role=\"button\"><\/a><a class=\"wp-block-jetpack-slideshow_button-next swiper-button-next swiper-button-white\" role=\"button\"><\/a><a aria-label=\"Pause Slideshow\" class=\"wp-block-jetpack-slideshow_button-pause\" role=\"button\"><\/a><div class=\"wp-block-jetpack-slideshow_pagination swiper-pagination swiper-pagination-white\"><\/div><\/div><\/div>\n","protected":false},"excerpt":{"rendered":"<p>La delegaci\u00f3n de San Pedro, compuesta por m\u00e1s de 300 deportistas, viaj\u00f3 a Mar del Plata para representar al distrito en las finales provinciales de los Juegos Bonaerenses 2025. Este domingo por la noche, en el Palacio Municipal, se realiz\u00f3 la despedida oficial de la delegaci\u00f3n sampedrina que parti\u00f3 hacia la ciudad de Mar del [&hellip;]<\/p>\n","protected":false},"author":4,"featured_media":144319,"comment_status":"closed","ping_status":"closed","sticky":false,"template":"","format":"standard","meta":{"om_disable_all_campaigns":false,"_jetpack_memberships_contains_paid_content":false,"footnotes":""},"categories":[50,101,2],"tags":[1059,6672,1743,6674,6675,5759,6673,6676,19,5667],"class_list":["post-144315","post","type-post","status-publish","format-standard","has-post-thumbnail","hentry","category-destacadas","category-interes-general-locales","category-locales","tag-cecilio-salazar","tag-delegacion-sampedrina","tag-deportes","tag-direccion-de-deportes","tag-escuelas-deportivas-municipales","tag-juegos-bonaerenses-2025","tag-mar-del-plata","tag-municipalidad-de-san-pedro-2","tag-san-pedro","tag-valentin-bravo"],"aioseo_notices":[],"gutentor_comment":0,"jetpack_featured_media_url":"https:\/\/eldiariodesanpedro.com.ar\/sitio\/wp-content\/uploads\/2025\/10\/Imagen-de-WhatsApp-2025-10-13-a-las-08.17.32_d4465b1b.jpg","jetpack_shortlink":"https:\/\/wp.me\/p6RhLt-BxF","jetpack_sharing_enabled":true,"_links":{"self":[{"href":"https:\/\/eldiariodesanpedro.com.ar\/sitio\/wp-json\/wp\/v2\/posts\/144315","targetHints":{"allow":["GET"]}}],"collection":[{"href":"https:\/\/eldiariodesanpedro.com.ar\/sitio\/wp-json\/wp\/v2\/posts"}],"about":[{"href":"https:\/\/eldiariodesanpedro.com.ar\/sitio\/wp-json\/wp\/v2\/types\/post"}],"author":[{"embeddable":true,"href":"https:\/\/eldiariodesanpedro.com.ar\/sitio\/wp-json\/wp\/v2\/users\/4"}],"replies":[{"embeddable":true,"href":"https:\/\/eldiariodesanpedro.com.ar\/sitio\/wp-json\/wp\/v2\/comments?post=144315"}],"version-history":[{"count":1,"href":"https:\/\/eldiariodesanpedro.com.ar\/sitio\/wp-json\/wp\/v2\/posts\/144315\/revisions"}],"predecessor-version":[{"id":144323,"href":"https:\/\/eldiariodesanpedro.com.ar\/sitio\/wp-json\/wp\/v2\/posts\/144315\/revisions\/144323"}],"wp:featuredmedia":[{"embeddable":true,"href":"https:\/\/eldiariodesanpedro.com.ar\/sitio\/wp-json\/wp\/v2\/media\/144319"}],"wp:attachment":[{"href":"https:\/\/eldiariodesanpedro.com.ar\/sitio\/wp-json\/wp\/v2\/media?parent=144315"}],"wp:term":[{"taxonomy":"category","embeddable":true,"href":"https:\/\/eldiariodesanpedro.com.ar\/sitio\/wp-json\/wp\/v2\/categories?post=144315"},{"taxonomy":"post_tag","embeddable":true,"href":"https:\/\/eldiariodesanpedro.com.ar\/sitio\/wp-json\/wp\/v2\/tags?post=144315"}],"curies":[{"name":"wp","href":"https:\/\/api.w.org\/{rel}","templated":true}]}}