{"id":144303,"date":"2025-10-10T11:18:31","date_gmt":"2025-10-10T14:18:31","guid":{"rendered":"https:\/\/eldiariodesanpedro.com.ar\/sitio\/?p=144303"},"modified":"2025-10-10T11:18:35","modified_gmt":"2025-10-10T14:18:35","slug":"jose-ignacio-cremona-presenta-su-muestra-todo-lo-pequeno-en-la-casa-de-la-cultura-fabian-miranda","status":"publish","type":"post","link":"https:\/\/eldiariodesanpedro.com.ar\/sitio\/jose-ignacio-cremona-presenta-su-muestra-todo-lo-pequeno-en-la-casa-de-la-cultura-fabian-miranda\/","title":{"rendered":"Jos\u00e9 Ignacio Cremona presenta su muestra \u201cTodo lo peque\u00f1o\u201d en la Casa de la Cultura Fabi\u00e1n Miranda"},"content":{"rendered":"<!-- VideographyWP Plugin Message: Automatic video embedding prevented by plugin options. -->\n\n<p>El artista sampedrino inaugura su exposici\u00f3n \u201cTodo lo peque\u00f1o\u201d el viernes 18 de octubre a las 19 horas, con entrada libre y gratuita.<\/p>\n\n\n\n<p>La <strong>Casa de la Cultura del SEC \u201cFabi\u00e1n Miranda\u201d<\/strong> contin\u00faa con su <strong>ciclo de actividades culturales<\/strong> y <strong>presenta la muestra \u201cTodo lo peque\u00f1o\u201d<\/strong> del artista sampedrino <strong>Jos\u00e9 Ignacio Cremona<\/strong>.<br>El encuentro se realizar\u00e1 el <strong>viernes 18 de octubre, a las 19 horas, en Mitre 455<\/strong>, con <strong>entrada libre y gratuita<\/strong> para todo p\u00fablico.<\/p>\n\n\n\n<p>\u201c<strong>Todo lo peque\u00f1o<\/strong>\u201d propone una <strong>mirada particular sobre el mundo contempor\u00e1neo<\/strong>, que parece reducirse a fragmentos: una vi\u00f1eta, un recorte, un p\u00edxel. Frente a esta tendencia, <strong>Cremona invita a expandir la percepci\u00f3n<\/strong> a trav\u00e9s de <strong>la multiplicaci\u00f3n y la maximizaci\u00f3n<\/strong>.<\/p>\n\n\n\n<p>Cada una de sus vi\u00f1etas se enlaza con otra, <strong>generando un universo visual y narrativo interconectado<\/strong>. Donde no multiplica, maximiza: con <strong>l\u00edneas simples logra amplificar gestos y emociones<\/strong>, construyendo un lenguaje en el que <strong>lo visual y lo narrativo se fusionan<\/strong> para dar vida a escenas peque\u00f1as pero de gran intensidad.<\/p>\n\n\n\n<p>Su obra refleja <strong>una apuesta por lo simult\u00e1neo y lo expansivo<\/strong>, donde lo m\u00ednimo se narra con detalle y ternura, pero a la vez <strong>se transforma en parte de un todo mayor<\/strong>, capaz de conmover y sorprender.<\/p>\n\n\n\n<p><strong>Sobre el artista<\/strong><br><strong>Jos\u00e9 Ignacio Cremona<\/strong> naci\u00f3 en <strong>San Pedro en 1992<\/strong>, es <strong>licenciado por la Facultad de Filosof\u00eda y Letras de la UBA<\/strong> y <strong>docente de Literatura<\/strong> en una escuela del <strong>Barrio Mugica (Buenos Aires)<\/strong>, donde promueve la creatividad y las artes como herramientas de transformaci\u00f3n social.<\/p>\n\n\n\n<p>Ha expuesto en <strong>Fundaci\u00f3n Bilbao Arte (Espa\u00f1a)<\/strong> y en la <strong>Casa Nacional del Bicentenario (Buenos Aires)<\/strong>. Adem\u00e1s, ha trabajado como <strong>ilustrador para editoriales como Alfaguara, P\u00e1ginas de Espuma, Dum Dum y En el Margen<\/strong>, y ha dise\u00f1ado <strong>tapas de discos<\/strong>, combinando su universo visual con lo literario y lo musical.<\/p>\n\n\n\n<p>#CulturaSanPedro #CasaDeLaCultura #SEC #Jos\u00e9IgnacioCremona #ArteSampedrino #TodoLoPeque\u00f1o #Exposici\u00f3nDeArte #SanPedroCultura<\/p>\n","protected":false},"excerpt":{"rendered":"<p>El artista sampedrino inaugura su exposici\u00f3n \u201cTodo lo peque\u00f1o\u201d el viernes 18 de octubre a las 19 horas, con entrada libre y gratuita. La Casa de la Cultura del SEC \u201cFabi\u00e1n Miranda\u201d contin\u00faa con su ciclo de actividades culturales y presenta la muestra \u201cTodo lo peque\u00f1o\u201d del artista sampedrino Jos\u00e9 Ignacio Cremona.El encuentro se realizar\u00e1 [&hellip;]<\/p>\n","protected":false},"author":4,"featured_media":144304,"comment_status":"closed","ping_status":"closed","sticky":false,"template":"","format":"standard","meta":{"om_disable_all_campaigns":false,"_jetpack_memberships_contains_paid_content":false,"footnotes":""},"categories":[101,2],"tags":[3655,6668,6603,6665,6670,6667,6666,6669],"class_list":["post-144303","post","type-post","status-publish","format-standard","has-post-thumbnail","hentry","category-interes-general-locales","category-locales","tag-actividades-culturales","tag-arte-contemporaneo","tag-artistas-sampedrinos","tag-casa-de-la-cultura-fabian-miranda","tag-cultura-local","tag-exposicion-todo-lo-pequeno","tag-jose-ignacio-cremona","tag-muestra-artistica-san-pedro"],"aioseo_notices":[],"gutentor_comment":0,"jetpack_featured_media_url":"https:\/\/eldiariodesanpedro.com.ar\/sitio\/wp-content\/uploads\/2025\/10\/medida-1-7.jpg","jetpack_shortlink":"https:\/\/wp.me\/p6RhLt-Bxt","jetpack_sharing_enabled":true,"_links":{"self":[{"href":"https:\/\/eldiariodesanpedro.com.ar\/sitio\/wp-json\/wp\/v2\/posts\/144303","targetHints":{"allow":["GET"]}}],"collection":[{"href":"https:\/\/eldiariodesanpedro.com.ar\/sitio\/wp-json\/wp\/v2\/posts"}],"about":[{"href":"https:\/\/eldiariodesanpedro.com.ar\/sitio\/wp-json\/wp\/v2\/types\/post"}],"author":[{"embeddable":true,"href":"https:\/\/eldiariodesanpedro.com.ar\/sitio\/wp-json\/wp\/v2\/users\/4"}],"replies":[{"embeddable":true,"href":"https:\/\/eldiariodesanpedro.com.ar\/sitio\/wp-json\/wp\/v2\/comments?post=144303"}],"version-history":[{"count":2,"href":"https:\/\/eldiariodesanpedro.com.ar\/sitio\/wp-json\/wp\/v2\/posts\/144303\/revisions"}],"predecessor-version":[{"id":144307,"href":"https:\/\/eldiariodesanpedro.com.ar\/sitio\/wp-json\/wp\/v2\/posts\/144303\/revisions\/144307"}],"wp:featuredmedia":[{"embeddable":true,"href":"https:\/\/eldiariodesanpedro.com.ar\/sitio\/wp-json\/wp\/v2\/media\/144304"}],"wp:attachment":[{"href":"https:\/\/eldiariodesanpedro.com.ar\/sitio\/wp-json\/wp\/v2\/media?parent=144303"}],"wp:term":[{"taxonomy":"category","embeddable":true,"href":"https:\/\/eldiariodesanpedro.com.ar\/sitio\/wp-json\/wp\/v2\/categories?post=144303"},{"taxonomy":"post_tag","embeddable":true,"href":"https:\/\/eldiariodesanpedro.com.ar\/sitio\/wp-json\/wp\/v2\/tags?post=144303"}],"curies":[{"name":"wp","href":"https:\/\/api.w.org\/{rel}","templated":true}]}}