{"id":144298,"date":"2025-10-09T16:27:46","date_gmt":"2025-10-09T19:27:46","guid":{"rendered":"https:\/\/eldiariodesanpedro.com.ar\/sitio\/?p=144298"},"modified":"2025-10-09T16:27:52","modified_gmt":"2025-10-09T19:27:52","slug":"municipales-acosta-confirmo-que-el-ejecutivo-pasara-a-planta-permanente-a-empleados-temporarios","status":"publish","type":"post","link":"https:\/\/eldiariodesanpedro.com.ar\/sitio\/municipales-acosta-confirmo-que-el-ejecutivo-pasara-a-planta-permanente-a-empleados-temporarios\/","title":{"rendered":"Municipales: Acosta confirm\u00f3 que el Ejecutivo pasar\u00e1 a planta permanente a empleados temporarios"},"content":{"rendered":"<!-- VideographyWP Plugin Message: Automatic video embedding prevented by plugin options. -->\n\n<p>El Sindicato de Trabajadores Municipales y el Ejecutivo local alcanzaron un acuerdo clave para garantizar la estabilidad laboral de empleados temporarios.<\/p>\n\n\n\n<p>El <strong>Secretario General del Sindicato de Trabajadores Municipales, Juan Cruz Acosta<\/strong>, inform\u00f3 que, tras una reuni\u00f3n mantenida este jueves en la <strong>Delegaci\u00f3n del Ministerio de Trabajo<\/strong>, se logr\u00f3 un <strong>acuerdo con el Ejecutivo local<\/strong> para avanzar en la <strong>regularizaci\u00f3n laboral de numerosos empleados municipales<\/strong>.<\/p>\n\n\n\n<p>En el encuentro se <strong>firm\u00f3 un acta<\/strong> en la que el <strong>Municipio se comprometi\u00f3 a otorgar estabilidad laboral<\/strong> a todos los trabajadores y trabajadoras que, habiendo cumplido m\u00e1s de un a\u00f1o en condici\u00f3n de <strong>planta temporaria<\/strong>, adquieran el derecho de pasar a <strong>planta permanente<\/strong>, conforme lo establece la legislaci\u00f3n vigente.<\/p>\n\n\n\n<p>Desde el gremio destacaron que este es un <strong>logro importante<\/strong> dentro de una serie de reclamos que incluyen <strong>categor\u00edas, bonificaciones y encuadres laborales<\/strong>, temas que continuar\u00e1n siendo abordados en las <strong>pr\u00f3ximas mesas t\u00e9cnicas de negociaci\u00f3n<\/strong>.<\/p>\n\n\n\n<p>\u201c<strong>Vamos por el buen camino; el sindicato somos todos<\/strong>\u201d, expres\u00f3 Acosta, quien celebr\u00f3 este avance como un <strong>paso significativo hacia el reconocimiento de los derechos laborales<\/strong> de los trabajadores municipales.<\/p>\n\n\n\n<p>#TrabajadoresMunicipales #JuanCruzAcosta #SindicatoMunicipal #SanPedro #Regularizaci\u00f3nLaboral #PlantaPermanente #MinisterioDeTrabajo #DerechosLaborales<br><\/p>\n","protected":false},"excerpt":{"rendered":"<p>El Sindicato de Trabajadores Municipales y el Ejecutivo local alcanzaron un acuerdo clave para garantizar la estabilidad laboral de empleados temporarios. El Secretario General del Sindicato de Trabajadores Municipales, Juan Cruz Acosta, inform\u00f3 que, tras una reuni\u00f3n mantenida este jueves en la Delegaci\u00f3n del Ministerio de Trabajo, se logr\u00f3 un acuerdo con el Ejecutivo local [&hellip;]<\/p>\n","protected":false},"author":4,"featured_media":144299,"comment_status":"closed","ping_status":"closed","sticky":false,"template":"","format":"standard","meta":{"om_disable_all_campaigns":false,"_jetpack_memberships_contains_paid_content":false,"footnotes":""},"categories":[50,101,2],"tags":[6662,6664,6661,6658,6663,6660,19,6659],"class_list":["post-144298","post","type-post","status-publish","format-standard","has-post-thumbnail","hentry","category-destacadas","category-interes-general-locales","category-locales","tag-acuerdo-laboral","tag-derechos-laborales","tag-estabilidad-laboral","tag-juan-cruz-acosta","tag-ministerio-de-trabajo","tag-planta-permanente","tag-san-pedro","tag-sindicato-de-trabajadores-municipales"],"aioseo_notices":[],"gutentor_comment":0,"jetpack_featured_media_url":"https:\/\/eldiariodesanpedro.com.ar\/sitio\/wp-content\/uploads\/2025\/10\/juan-cruz-acosta-800x445-1.jpg","jetpack_shortlink":"https:\/\/wp.me\/p6RhLt-Bxo","jetpack_sharing_enabled":true,"_links":{"self":[{"href":"https:\/\/eldiariodesanpedro.com.ar\/sitio\/wp-json\/wp\/v2\/posts\/144298","targetHints":{"allow":["GET"]}}],"collection":[{"href":"https:\/\/eldiariodesanpedro.com.ar\/sitio\/wp-json\/wp\/v2\/posts"}],"about":[{"href":"https:\/\/eldiariodesanpedro.com.ar\/sitio\/wp-json\/wp\/v2\/types\/post"}],"author":[{"embeddable":true,"href":"https:\/\/eldiariodesanpedro.com.ar\/sitio\/wp-json\/wp\/v2\/users\/4"}],"replies":[{"embeddable":true,"href":"https:\/\/eldiariodesanpedro.com.ar\/sitio\/wp-json\/wp\/v2\/comments?post=144298"}],"version-history":[{"count":1,"href":"https:\/\/eldiariodesanpedro.com.ar\/sitio\/wp-json\/wp\/v2\/posts\/144298\/revisions"}],"predecessor-version":[{"id":144300,"href":"https:\/\/eldiariodesanpedro.com.ar\/sitio\/wp-json\/wp\/v2\/posts\/144298\/revisions\/144300"}],"wp:featuredmedia":[{"embeddable":true,"href":"https:\/\/eldiariodesanpedro.com.ar\/sitio\/wp-json\/wp\/v2\/media\/144299"}],"wp:attachment":[{"href":"https:\/\/eldiariodesanpedro.com.ar\/sitio\/wp-json\/wp\/v2\/media?parent=144298"}],"wp:term":[{"taxonomy":"category","embeddable":true,"href":"https:\/\/eldiariodesanpedro.com.ar\/sitio\/wp-json\/wp\/v2\/categories?post=144298"},{"taxonomy":"post_tag","embeddable":true,"href":"https:\/\/eldiariodesanpedro.com.ar\/sitio\/wp-json\/wp\/v2\/tags?post=144298"}],"curies":[{"name":"wp","href":"https:\/\/api.w.org\/{rel}","templated":true}]}}