{"id":144295,"date":"2025-10-09T16:12:00","date_gmt":"2025-10-09T19:12:00","guid":{"rendered":"https:\/\/eldiariodesanpedro.com.ar\/sitio\/?p=144295"},"modified":"2025-10-09T16:12:03","modified_gmt":"2025-10-09T19:12:03","slug":"mercados-bonaerenses-en-el-paseo-publico-municipal","status":"publish","type":"post","link":"https:\/\/eldiariodesanpedro.com.ar\/sitio\/mercados-bonaerenses-en-el-paseo-publico-municipal\/","title":{"rendered":"Mercados Bonaerenses en el Paseo P\u00fablico Municipal"},"content":{"rendered":"<!-- VideographyWP Plugin Message: Automatic video embedding prevented by plugin options. -->\n\n<p>Edici\u00f3n de fin de semana con <strong>productos frescos a precios accesibles<\/strong>, junto a la <strong>Feria Municipal de Emprendedores<\/strong>, desde las <strong>10:00<\/strong>.<\/p>\n\n\n\n<p>La Municipalidad informa que este fin de semana el programa <strong>Mercados Bonaerenses<\/strong> llega al <strong>Paseo P\u00fablico Municipal<\/strong>, con una nueva edici\u00f3n que se desarrollar\u00e1 <strong>viernes y s\u00e1bado desde las 10:00<\/strong> junto a la <strong>Feria Municipal de Emprendedores<\/strong>. La propuesta ofrecer\u00e1 <strong>alimentos frescos, locales y a precios accesibles<\/strong>, promoviendo el <strong>fortalecimiento de la producci\u00f3n regional<\/strong>.<\/p>\n\n\n\n<p>A partir de esta edici\u00f3n, los <strong>puestos de productores locales<\/strong> estar\u00e1n presentes <strong>todos los fines de semana<\/strong> en el Paseo P\u00fablico, acercando <strong>alimentos de calidad<\/strong> y elaboraciones de <strong>emprendedores sampedrinos<\/strong>.<\/p>\n\n\n\n<p>Quienes abonen con <strong>Cuenta DNI<\/strong> acceder\u00e1n a un <strong>40% de descuento<\/strong>, con <strong>tope de $6.000 por persona por semana<\/strong>, beneficio impulsado por el <strong>Ministerio de Desarrollo Agrario de la Provincia de Buenos Aires<\/strong>.<\/p>\n\n\n\n<p>Las y los interesados en participar como <strong>productores<\/strong> en futuras ediciones pueden completar el <strong>formulario de inscripci\u00f3n<\/strong> en el siguiente enlace: <a href=\"https:\/\/forms.gle\/f2bVMQfxk2QcNj9g6\">https:\/\/forms.gle\/f2bVMQfxk2QcNj9g6<\/a>.<\/p>\n\n\n\n<p>Para <strong>consultas<\/strong>, comunicarse con la <strong>Secretar\u00eda de Producci\u00f3n, Industria y Comercio<\/strong> al <strong>WhatsApp 3329 648530<\/strong>, <strong>de lunes a viernes de 8:00 a 14:00<\/strong>.<\/p>\n\n\n\n<p>#MercadosBonaerenses #PaseoPublico #Emprendedores #ProductosLocales #CuentaDNI #Descuentos #EconomiaLocal #SanPedro<\/p>\n","protected":false},"excerpt":{"rendered":"<p>Edici\u00f3n de fin de semana con productos frescos a precios accesibles, junto a la Feria Municipal de Emprendedores, desde las 10:00. La Municipalidad informa que este fin de semana el programa Mercados Bonaerenses llega al Paseo P\u00fablico Municipal, con una nueva edici\u00f3n que se desarrollar\u00e1 viernes y s\u00e1bado desde las 10:00 junto a la Feria [&hellip;]<\/p>\n","protected":false},"author":4,"featured_media":144296,"comment_status":"closed","ping_status":"closed","sticky":false,"template":"","format":"standard","meta":{"om_disable_all_campaigns":false,"_jetpack_memberships_contains_paid_content":false,"footnotes":""},"categories":[101,2],"tags":[6654,6653,6657,6651,2392,6656,5069,4180,4085,6071,6076,6652,19,6075,6655,6077],"class_list":["post-144295","post","type-post","status-publish","format-standard","has-post-thumbnail","hentry","category-interes-general-locales","category-locales","tag-40-de-descuento","tag-cuenta-dni","tag-edicion-desde-las-10","tag-feria-municipal-de-emprendedores","tag-fin-de-semana","tag-inscripcion-productores","tag-mercados-bonaerenses","tag-ministerio-de-desarrollo-agrario","tag-paseo-publico-municipal","tag-precios-accesibles","tag-productores-locales","tag-productos-frescos","tag-san-pedro","tag-secretaria-de-produccion-industria-y-comercio","tag-tope-6-000","tag-whatsapp-3329-648530"],"aioseo_notices":[],"gutentor_comment":0,"jetpack_featured_media_url":"https:\/\/eldiariodesanpedro.com.ar\/sitio\/wp-content\/uploads\/2025\/10\/10363.jpeg","jetpack_shortlink":"https:\/\/wp.me\/p6RhLt-Bxl","jetpack_sharing_enabled":true,"_links":{"self":[{"href":"https:\/\/eldiariodesanpedro.com.ar\/sitio\/wp-json\/wp\/v2\/posts\/144295","targetHints":{"allow":["GET"]}}],"collection":[{"href":"https:\/\/eldiariodesanpedro.com.ar\/sitio\/wp-json\/wp\/v2\/posts"}],"about":[{"href":"https:\/\/eldiariodesanpedro.com.ar\/sitio\/wp-json\/wp\/v2\/types\/post"}],"author":[{"embeddable":true,"href":"https:\/\/eldiariodesanpedro.com.ar\/sitio\/wp-json\/wp\/v2\/users\/4"}],"replies":[{"embeddable":true,"href":"https:\/\/eldiariodesanpedro.com.ar\/sitio\/wp-json\/wp\/v2\/comments?post=144295"}],"version-history":[{"count":1,"href":"https:\/\/eldiariodesanpedro.com.ar\/sitio\/wp-json\/wp\/v2\/posts\/144295\/revisions"}],"predecessor-version":[{"id":144297,"href":"https:\/\/eldiariodesanpedro.com.ar\/sitio\/wp-json\/wp\/v2\/posts\/144295\/revisions\/144297"}],"wp:featuredmedia":[{"embeddable":true,"href":"https:\/\/eldiariodesanpedro.com.ar\/sitio\/wp-json\/wp\/v2\/media\/144296"}],"wp:attachment":[{"href":"https:\/\/eldiariodesanpedro.com.ar\/sitio\/wp-json\/wp\/v2\/media?parent=144295"}],"wp:term":[{"taxonomy":"category","embeddable":true,"href":"https:\/\/eldiariodesanpedro.com.ar\/sitio\/wp-json\/wp\/v2\/categories?post=144295"},{"taxonomy":"post_tag","embeddable":true,"href":"https:\/\/eldiariodesanpedro.com.ar\/sitio\/wp-json\/wp\/v2\/tags?post=144295"}],"curies":[{"name":"wp","href":"https:\/\/api.w.org\/{rel}","templated":true}]}}