{"id":14429,"date":"2017-02-09T20:47:49","date_gmt":"2017-02-09T23:47:49","guid":{"rendered":"https:\/\/eldiariodesanpedro.com.ar\/sitio\/?p=14429"},"modified":"2026-01-23T23:20:22","modified_gmt":"2026-01-24T02:20:22","slug":"la-hiena-barrios-saldra-de-la-carcel","status":"publish","type":"post","link":"https:\/\/eldiariodesanpedro.com.ar\/sitio\/la-hiena-barrios-saldra-de-la-carcel\/","title":{"rendered":"\u00abLa Hiena\u00bb Barrios saldr\u00e1 de la c\u00e1rcel"},"content":{"rendered":"<p><!-- VideographyWP Plugin Message: Automatic video embedding prevented by plugin options. --><br \/>\n(NA) &#8211; Rodrigo \u00abLa Hiena\u00bb Barrios que fue condenado en 2014 por haber atropellado y matado a una joven embarazada en la ciudad de Mar del Plata, recuperar\u00e1 su libertad en breve.<\/p>\n<p>   Seg\u00fan confirmaron fuentes del Servicio Penitenciario Bonaerense a NA, \u00abLa Hiena\u00bb, de 42 a\u00f1os, se present\u00f3 hoy ante el Tribunal de Ejecuci\u00f3n Penal de Mar del Plata en donde le otorgaron el beneficio de la libertad asistida. <\/p>\n<p>   El ex-boxeador fue condenado a tres a\u00f1os y siete meses de prisi\u00f3n por el \u00abhomicidio culposo\u00bb de la joven Yamilia Gonz\u00e1lez, que ten\u00eda 20 a\u00f1os y que estaba embarazada cuando ocurri\u00f3 el accidente.<\/p>\n<p>   El hecho ocurri\u00f3 el 24 de enero de 2010 cuando Barrios choc\u00f3 con su camioneta BMW un Fiat 147 que estaba detenido en un sem\u00e1foro y el auto impact\u00f3 a varias personas, entre ellas a la joven embarazada de 6 meses y falleci\u00f3 poco despu\u00e9s en un hospital de la zona.<\/p>\n<p>   En ese momento, \u00abLa Hiena\u00bb se escap\u00f3 del lugar en contramano, m\u00e1s tarde choc\u00f3 contra una camioneta y seis horas despu\u00e9s del accidente se entreg\u00f3 en una comisar\u00eda de la zona.    <\/p>\n<p>   Barrios fue condenado en 2012 a cuatro a\u00f1os de prisi\u00f3n, pero la C\u00e1mara de Casaci\u00f3n Penal Bonaerense le rebaj\u00f3 la pena por lo que qued\u00f3 en tres a\u00f1os y siete meses de reclusi\u00f3n efectiva y siete a\u00f1os de inhabilitaci\u00f3n para conducir veh\u00edculos. <\/p>\n","protected":false},"excerpt":{"rendered":"<p>(NA) &#8211; Rodrigo \u00abLa Hiena\u00bb Barrios que fue condenado en 2014 por haber atropellado y matado a una joven embarazada en la ciudad de Mar del Plata, recuperar\u00e1 su libertad en breve. Seg\u00fan confirmaron fuentes del Servicio Penitenciario Bonaerense a NA, \u00abLa Hiena\u00bb, de 42 a\u00f1os, se present\u00f3 hoy ante el Tribunal de Ejecuci\u00f3n Penal [&hellip;]<\/p>\n","protected":false},"author":4,"featured_media":14430,"comment_status":"open","ping_status":"closed","sticky":false,"template":"","format":"standard","meta":{"om_disable_all_campaigns":false,"_jetpack_memberships_contains_paid_content":false,"footnotes":""},"categories":[3],"tags":[],"class_list":["post-14429","post","type-post","status-publish","format-standard","has-post-thumbnail","hentry","category-nacionales"],"aioseo_notices":[],"gutentor_comment":0,"jetpack_featured_media_url":"https:\/\/eldiariodesanpedro.com.ar\/sitio\/wp-content\/uploads\/2017\/02\/hiena.jpg","jetpack_shortlink":"https:\/\/wp.me\/p6RhLt-3KJ","jetpack_sharing_enabled":true,"_links":{"self":[{"href":"https:\/\/eldiariodesanpedro.com.ar\/sitio\/wp-json\/wp\/v2\/posts\/14429","targetHints":{"allow":["GET"]}}],"collection":[{"href":"https:\/\/eldiariodesanpedro.com.ar\/sitio\/wp-json\/wp\/v2\/posts"}],"about":[{"href":"https:\/\/eldiariodesanpedro.com.ar\/sitio\/wp-json\/wp\/v2\/types\/post"}],"author":[{"embeddable":true,"href":"https:\/\/eldiariodesanpedro.com.ar\/sitio\/wp-json\/wp\/v2\/users\/4"}],"replies":[{"embeddable":true,"href":"https:\/\/eldiariodesanpedro.com.ar\/sitio\/wp-json\/wp\/v2\/comments?post=14429"}],"version-history":[{"count":1,"href":"https:\/\/eldiariodesanpedro.com.ar\/sitio\/wp-json\/wp\/v2\/posts\/14429\/revisions"}],"predecessor-version":[{"id":14431,"href":"https:\/\/eldiariodesanpedro.com.ar\/sitio\/wp-json\/wp\/v2\/posts\/14429\/revisions\/14431"}],"wp:featuredmedia":[{"embeddable":true,"href":"https:\/\/eldiariodesanpedro.com.ar\/sitio\/wp-json\/wp\/v2\/media\/14430"}],"wp:attachment":[{"href":"https:\/\/eldiariodesanpedro.com.ar\/sitio\/wp-json\/wp\/v2\/media?parent=14429"}],"wp:term":[{"taxonomy":"category","embeddable":true,"href":"https:\/\/eldiariodesanpedro.com.ar\/sitio\/wp-json\/wp\/v2\/categories?post=14429"},{"taxonomy":"post_tag","embeddable":true,"href":"https:\/\/eldiariodesanpedro.com.ar\/sitio\/wp-json\/wp\/v2\/tags?post=14429"}],"curies":[{"name":"wp","href":"https:\/\/api.w.org\/{rel}","templated":true}]}}