{"id":14427,"date":"2017-02-09T20:45:19","date_gmt":"2017-02-09T23:45:19","guid":{"rendered":"https:\/\/eldiariodesanpedro.com.ar\/sitio\/?p=14427"},"modified":"2017-02-09T20:45:19","modified_gmt":"2017-02-09T23:45:19","slug":"ramallo-poletti-visito-otra-empresa-que-se-instalaria-en-la-autopista","status":"publish","type":"post","link":"https:\/\/eldiariodesanpedro.com.ar\/sitio\/ramallo-poletti-visito-otra-empresa-que-se-instalaria-en-la-autopista\/","title":{"rendered":"RAMALLO: Poletti visito otra empresa que se instalaria en la autopista"},"content":{"rendered":"<p><!-- VideographyWP Plugin Message: Automatic video embedding prevented by plugin options. --><br \/>\nIVANAR, firma dedicada a la comercializaci\u00f3n de productos y servicios sider\u00fargicos, es otra de las que espera la homologaci\u00f3n del C\u00f3digo de Ordenamiento Urbano y Territorial para poder desembarcar en Ramallo.<\/p>\n<p>El intendente Mauro Poletti visit\u00f3 hoy las instalaciones de la empresa dedicada a la fabricaci\u00f3n de perfiles, alambres, clavos, \u00e1ngulos, chapas, material desplegado, entre otras cosas\u2026<\/p>\n<p>Con una inversi\u00f3n aproximada de 25 millones de pesos, la firma que tiene su planta principal en P\u00e9rez, Santa Fe, espera que se destrabe la cuesti\u00f3n legal, para poder ubicarse sobre la Autopista Nacional N\u00b09 a la altura del acceso a Villa General Savio.<br \/>\n(http:\/\/www.metafm.com.ar)<\/p>\n","protected":false},"excerpt":{"rendered":"<p>IVANAR, firma dedicada a la comercializaci\u00f3n de productos y servicios sider\u00fargicos, es otra de las que espera la homologaci\u00f3n del C\u00f3digo de Ordenamiento Urbano y Territorial para poder desembarcar en Ramallo. El intendente Mauro Poletti visit\u00f3 hoy las instalaciones de la empresa dedicada a la fabricaci\u00f3n de perfiles, alambres, clavos, \u00e1ngulos, chapas, material desplegado, entre [&hellip;]<\/p>\n","protected":false},"author":4,"featured_media":13346,"comment_status":"open","ping_status":"closed","sticky":false,"template":"","format":"standard","meta":{"om_disable_all_campaigns":false,"_jetpack_memberships_contains_paid_content":false,"footnotes":""},"categories":[621],"tags":[],"class_list":["post-14427","post","type-post","status-publish","format-standard","has-post-thumbnail","hentry","category-regionales"],"aioseo_notices":[],"gutentor_comment":0,"jetpack_featured_media_url":"https:\/\/eldiariodesanpedro.com.ar\/sitio\/wp-content\/uploads\/2017\/01\/intendente-Mauro-Poletti.jpg","jetpack_shortlink":"https:\/\/wp.me\/p6RhLt-3KH","jetpack_sharing_enabled":true,"_links":{"self":[{"href":"https:\/\/eldiariodesanpedro.com.ar\/sitio\/wp-json\/wp\/v2\/posts\/14427","targetHints":{"allow":["GET"]}}],"collection":[{"href":"https:\/\/eldiariodesanpedro.com.ar\/sitio\/wp-json\/wp\/v2\/posts"}],"about":[{"href":"https:\/\/eldiariodesanpedro.com.ar\/sitio\/wp-json\/wp\/v2\/types\/post"}],"author":[{"embeddable":true,"href":"https:\/\/eldiariodesanpedro.com.ar\/sitio\/wp-json\/wp\/v2\/users\/4"}],"replies":[{"embeddable":true,"href":"https:\/\/eldiariodesanpedro.com.ar\/sitio\/wp-json\/wp\/v2\/comments?post=14427"}],"version-history":[{"count":1,"href":"https:\/\/eldiariodesanpedro.com.ar\/sitio\/wp-json\/wp\/v2\/posts\/14427\/revisions"}],"predecessor-version":[{"id":14428,"href":"https:\/\/eldiariodesanpedro.com.ar\/sitio\/wp-json\/wp\/v2\/posts\/14427\/revisions\/14428"}],"wp:featuredmedia":[{"embeddable":true,"href":"https:\/\/eldiariodesanpedro.com.ar\/sitio\/wp-json\/wp\/v2\/media\/13346"}],"wp:attachment":[{"href":"https:\/\/eldiariodesanpedro.com.ar\/sitio\/wp-json\/wp\/v2\/media?parent=14427"}],"wp:term":[{"taxonomy":"category","embeddable":true,"href":"https:\/\/eldiariodesanpedro.com.ar\/sitio\/wp-json\/wp\/v2\/categories?post=14427"},{"taxonomy":"post_tag","embeddable":true,"href":"https:\/\/eldiariodesanpedro.com.ar\/sitio\/wp-json\/wp\/v2\/tags?post=14427"}],"curies":[{"name":"wp","href":"https:\/\/api.w.org\/{rel}","templated":true}]}}