{"id":144259,"date":"2025-10-09T09:55:16","date_gmt":"2025-10-09T12:55:16","guid":{"rendered":"https:\/\/eldiariodesanpedro.com.ar\/sitio\/?p=144259"},"modified":"2025-10-09T09:55:19","modified_gmt":"2025-10-09T12:55:19","slug":"allanamientos-simultaneos-en-san-pedro-secuestran-cocaina-valuada-en-mas-de-un-millon-y-medio-de-pesos","status":"publish","type":"post","link":"https:\/\/eldiariodesanpedro.com.ar\/sitio\/allanamientos-simultaneos-en-san-pedro-secuestran-cocaina-valuada-en-mas-de-un-millon-y-medio-de-pesos\/","title":{"rendered":"Allanamientos simult\u00e1neos en San Pedro: secuestran coca\u00edna valuada en m\u00e1s de un mill\u00f3n y medio de pesos"},"content":{"rendered":"<!-- VideographyWP Plugin Message: Automatic video embedding prevented by plugin options. -->\n\n<p>Dos allanamientos simult\u00e1neos en San Pedro permitieron desarticular un punto de venta de drogas y secuestrar coca\u00edna valuada en m\u00e1s de un mill\u00f3n y medio de pesos.<\/p>\n\n\n\n<p>En la tarde de ayer, <strong>efectivos de la Delegaci\u00f3n Departamental de Investigaciones del Tr\u00e1fico de Drogas Il\u00edcitas de San Nicol\u00e1s<\/strong> llevaron a cabo <strong>dos allanamientos simult\u00e1neos en la localidad de San Pedro<\/strong>, en el marco de una <strong>investigaci\u00f3n por comercializaci\u00f3n de estupefacientes<\/strong>.<\/p>\n\n\n\n<p>La causa fue instruida por la <strong>UFI N\u00b0 7 de San Nicol\u00e1s<\/strong>, a cargo de la <strong>Dra. Mar\u00eda del Valle Viviani<\/strong>, y cont\u00f3 con la <strong>autorizaci\u00f3n del Juez Dr. Rom\u00e1n Parodi<\/strong>, titular del <strong>Juzgado de Garant\u00edas N\u00b0 1 del Departamento Judicial San Nicol\u00e1s<\/strong>.<\/p>\n\n\n\n<p>Seg\u00fan se inform\u00f3, la investigaci\u00f3n comenz\u00f3 tiempo atr\u00e1s tras una <strong>denuncia an\u00f3nima que alert\u00f3 sobre la venta de drogas<\/strong> realizada por una mujer. Con esta informaci\u00f3n, la fiscal Viviani comision\u00f3 al personal de narcotr\u00e1fico para iniciar las tareas investigativas, las cuales incluyeron <strong>vigilancias encubiertas, seguimientos y tareas de inteligencia<\/strong>.<\/p>\n\n\n\n<p>Durante el proceso se logr\u00f3 establecer que la acusada <strong>comercializaba drogas al menudeo desde su vivienda<\/strong>, ocultando parte de la sustancia en la casa de su hermana, ubicada en una propiedad lindante.<\/p>\n\n\n\n<p>Los allanamientos se realizaron en <strong>calle Benefactoras Sampedrinas, entre Dr. Ruffa y Bozzano<\/strong>, donde se logr\u00f3 el <strong>secuestro de una importante cantidad de coca\u00edna fraccionada<\/strong>, valuada en <strong>m\u00e1s de un mill\u00f3n y medio de pesos<\/strong>, junto con <strong>tel\u00e9fonos celulares, dinero en efectivo y tarjetas de memoria de c\u00e1maras de seguridad<\/strong>.<\/p>\n\n\n\n<p>En el transcurso de los procedimientos, la fiscal Viviani <strong>autoriz\u00f3 un tercer allanamiento de urgencia<\/strong> en la vivienda de otra hermana de la principal sospechosa, donde se secuestraron <strong>10 gramos de coca\u00edna y envoltorios de nylon<\/strong>.<\/p>\n\n\n\n<p>Durante los operativos, <strong>un hombre se present\u00f3 en el lugar para comprar droga<\/strong>, lo que permiti\u00f3 ampliar las pruebas mediante su <strong>declaraci\u00f3n testimonial<\/strong>.<\/p>\n\n\n\n<p>Con todos estos elementos, la <strong>fiscal Del Valle Viviani aval\u00f3 lo actuado<\/strong> por el personal policial y <strong>orden\u00f3 la aprehensi\u00f3n de la principal investigada<\/strong> por el delito de <strong>tenencia de estupefacientes con fines de comercializaci\u00f3n<\/strong>, quien <strong>deber\u00e1 rendir cuentas ante la Justicia<\/strong>.<\/p>\n\n\n\n<p>#SanPedro #Allanamientos #Drogas #Policiales #SanNicol\u00e1s #UFI7 #Coca\u00edna #Investigaci\u00f3n #Justicia<\/p>\n\n\n\n<div class=\"wp-block-jetpack-slideshow aligncenter\" data-effect=\"slide\"><div class=\"wp-block-jetpack-slideshow_container swiper-container\"><ul class=\"wp-block-jetpack-slideshow_swiper-wrapper swiper-wrapper\"><li class=\"wp-block-jetpack-slideshow_slide swiper-slide\"><figure><img decoding=\"async\" width=\"473\" height=\"630\" alt=\"\" class=\"wp-block-jetpack-slideshow_image wp-image-144261 lazyload\" data-id=\"144261\" data-src=\"https:\/\/eldiariodesanpedro.com.ar\/sitio\/wp-content\/uploads\/2025\/10\/Imagen-de-WhatsApp-2025-10-09-a-las-09.12.18_66081098.jpg\" data-srcset=\"https:\/\/eldiariodesanpedro.com.ar\/sitio\/wp-content\/uploads\/2025\/10\/Imagen-de-WhatsApp-2025-10-09-a-las-09.12.18_66081098.jpg 473w, https:\/\/eldiariodesanpedro.com.ar\/sitio\/wp-content\/uploads\/2025\/10\/Imagen-de-WhatsApp-2025-10-09-a-las-09.12.18_66081098-225x300.jpg 225w\" data-sizes=\"(max-width: 473px) 100vw, 473px\" src=\"data:image\/svg+xml;base64,PHN2ZyB3aWR0aD0iMSIgaGVpZ2h0PSIxIiB4bWxucz0iaHR0cDovL3d3dy53My5vcmcvMjAwMC9zdmciPjwvc3ZnPg==\" style=\"--smush-placeholder-width: 473px; --smush-placeholder-aspect-ratio: 473\/630;\" \/><\/figure><\/li><li class=\"wp-block-jetpack-slideshow_slide swiper-slide\"><figure><img decoding=\"async\" width=\"473\" height=\"630\" alt=\"\" class=\"wp-block-jetpack-slideshow_image wp-image-144262 lazyload\" data-id=\"144262\" data-src=\"https:\/\/eldiariodesanpedro.com.ar\/sitio\/wp-content\/uploads\/2025\/10\/Imagen-de-WhatsApp-2025-10-09-a-las-09.12.18_a146dd00.jpg\" data-srcset=\"https:\/\/eldiariodesanpedro.com.ar\/sitio\/wp-content\/uploads\/2025\/10\/Imagen-de-WhatsApp-2025-10-09-a-las-09.12.18_a146dd00.jpg 473w, https:\/\/eldiariodesanpedro.com.ar\/sitio\/wp-content\/uploads\/2025\/10\/Imagen-de-WhatsApp-2025-10-09-a-las-09.12.18_a146dd00-225x300.jpg 225w\" data-sizes=\"(max-width: 473px) 100vw, 473px\" src=\"data:image\/svg+xml;base64,PHN2ZyB3aWR0aD0iMSIgaGVpZ2h0PSIxIiB4bWxucz0iaHR0cDovL3d3dy53My5vcmcvMjAwMC9zdmciPjwvc3ZnPg==\" style=\"--smush-placeholder-width: 473px; --smush-placeholder-aspect-ratio: 473\/630;\" \/><\/figure><\/li><li class=\"wp-block-jetpack-slideshow_slide swiper-slide\"><figure><img decoding=\"async\" width=\"473\" height=\"630\" alt=\"\" class=\"wp-block-jetpack-slideshow_image wp-image-144263 lazyload\" data-id=\"144263\" data-src=\"https:\/\/eldiariodesanpedro.com.ar\/sitio\/wp-content\/uploads\/2025\/10\/Imagen-de-WhatsApp-2025-10-09-a-las-09.12.19_930f548a.jpg\" data-srcset=\"https:\/\/eldiariodesanpedro.com.ar\/sitio\/wp-content\/uploads\/2025\/10\/Imagen-de-WhatsApp-2025-10-09-a-las-09.12.19_930f548a.jpg 473w, https:\/\/eldiariodesanpedro.com.ar\/sitio\/wp-content\/uploads\/2025\/10\/Imagen-de-WhatsApp-2025-10-09-a-las-09.12.19_930f548a-225x300.jpg 225w\" data-sizes=\"(max-width: 473px) 100vw, 473px\" src=\"data:image\/svg+xml;base64,PHN2ZyB3aWR0aD0iMSIgaGVpZ2h0PSIxIiB4bWxucz0iaHR0cDovL3d3dy53My5vcmcvMjAwMC9zdmciPjwvc3ZnPg==\" style=\"--smush-placeholder-width: 473px; --smush-placeholder-aspect-ratio: 473\/630;\" \/><\/figure><\/li><\/ul><a class=\"wp-block-jetpack-slideshow_button-prev swiper-button-prev swiper-button-white\" role=\"button\"><\/a><a class=\"wp-block-jetpack-slideshow_button-next swiper-button-next swiper-button-white\" role=\"button\"><\/a><a aria-label=\"Pause Slideshow\" class=\"wp-block-jetpack-slideshow_button-pause\" role=\"button\"><\/a><div class=\"wp-block-jetpack-slideshow_pagination swiper-pagination swiper-pagination-white\"><\/div><\/div><\/div>\n","protected":false},"excerpt":{"rendered":"<p>Dos allanamientos simult\u00e1neos en San Pedro permitieron desarticular un punto de venta de drogas y secuestrar coca\u00edna valuada en m\u00e1s de un mill\u00f3n y medio de pesos. En la tarde de ayer, efectivos de la Delegaci\u00f3n Departamental de Investigaciones del Tr\u00e1fico de Drogas Il\u00edcitas de San Nicol\u00e1s llevaron a cabo dos allanamientos simult\u00e1neos en la [&hellip;]<\/p>\n","protected":false},"author":4,"featured_media":144260,"comment_status":"closed","ping_status":"closed","sticky":false,"template":"","format":"standard","meta":{"om_disable_all_campaigns":false,"_jetpack_memberships_contains_paid_content":false,"footnotes":""},"categories":[50,2,103],"tags":[6619,5531,6622,6620,6621,6328],"class_list":["post-144259","post","type-post","status-publish","format-standard","has-post-thumbnail","hentry","category-destacadas","category-locales","category-policiales-locales","tag-allanamientos-en-san-pedro","tag-cocaina-secuestrada","tag-comercializacion-de-drogas","tag-delegacion-de-drogas-ilicitas-san-nicolas","tag-maria-del-valle-viviani-2","tag-procedimiento-policial"],"aioseo_notices":[],"gutentor_comment":0,"jetpack_featured_media_url":"https:\/\/eldiariodesanpedro.com.ar\/sitio\/wp-content\/uploads\/2025\/10\/medida-1-5.jpg","jetpack_shortlink":"https:\/\/wp.me\/p6RhLt-BwL","jetpack_sharing_enabled":true,"_links":{"self":[{"href":"https:\/\/eldiariodesanpedro.com.ar\/sitio\/wp-json\/wp\/v2\/posts\/144259","targetHints":{"allow":["GET"]}}],"collection":[{"href":"https:\/\/eldiariodesanpedro.com.ar\/sitio\/wp-json\/wp\/v2\/posts"}],"about":[{"href":"https:\/\/eldiariodesanpedro.com.ar\/sitio\/wp-json\/wp\/v2\/types\/post"}],"author":[{"embeddable":true,"href":"https:\/\/eldiariodesanpedro.com.ar\/sitio\/wp-json\/wp\/v2\/users\/4"}],"replies":[{"embeddable":true,"href":"https:\/\/eldiariodesanpedro.com.ar\/sitio\/wp-json\/wp\/v2\/comments?post=144259"}],"version-history":[{"count":1,"href":"https:\/\/eldiariodesanpedro.com.ar\/sitio\/wp-json\/wp\/v2\/posts\/144259\/revisions"}],"predecessor-version":[{"id":144264,"href":"https:\/\/eldiariodesanpedro.com.ar\/sitio\/wp-json\/wp\/v2\/posts\/144259\/revisions\/144264"}],"wp:featuredmedia":[{"embeddable":true,"href":"https:\/\/eldiariodesanpedro.com.ar\/sitio\/wp-json\/wp\/v2\/media\/144260"}],"wp:attachment":[{"href":"https:\/\/eldiariodesanpedro.com.ar\/sitio\/wp-json\/wp\/v2\/media?parent=144259"}],"wp:term":[{"taxonomy":"category","embeddable":true,"href":"https:\/\/eldiariodesanpedro.com.ar\/sitio\/wp-json\/wp\/v2\/categories?post=144259"},{"taxonomy":"post_tag","embeddable":true,"href":"https:\/\/eldiariodesanpedro.com.ar\/sitio\/wp-json\/wp\/v2\/tags?post=144259"}],"curies":[{"name":"wp","href":"https:\/\/api.w.org\/{rel}","templated":true}]}}