{"id":144256,"date":"2025-10-09T09:36:55","date_gmt":"2025-10-09T12:36:55","guid":{"rendered":"https:\/\/eldiariodesanpedro.com.ar\/sitio\/?p=144256"},"modified":"2025-10-09T09:37:00","modified_gmt":"2025-10-09T12:37:00","slug":"aprehendido-por-intento-de-hurto-y-estafa-tras-rapida-intervencion-policial","status":"publish","type":"post","link":"https:\/\/eldiariodesanpedro.com.ar\/sitio\/aprehendido-por-intento-de-hurto-y-estafa-tras-rapida-intervencion-policial\/","title":{"rendered":"Aprehendido por intento de hurto y estafa tras r\u00e1pida intervenci\u00f3n policial"},"content":{"rendered":"<!-- VideographyWP Plugin Message: Automatic video embedding prevented by plugin options. -->\n\n<p>Un sujeto de 30 a\u00f1os fue detenido tras intentar enga\u00f1ar a una comerciante en un local del rubro poller\u00eda. El hecho fue advertido por el Centro de Monitoreo Municipal.<\/p>\n\n\n\n<p>Personal de la <strong>Estaci\u00f3n de Polic\u00eda Comunal San Pedro<\/strong> procedi\u00f3 a la <strong>aprehensi\u00f3n de un hombre de 30 a\u00f1os<\/strong>, reconocido por sus antecedentes delictivos, luego de un <strong>r\u00e1pido accionar motivado por una alerta emitida por el Centro de Monitoreo Municipal<\/strong>. La alerta advert\u00eda sobre un posible robo en proceso en inmediaciones de <strong>calles Cucit y Belgrano<\/strong>.<\/p>\n\n\n\n<p>Al arribar al lugar, los efectivos interceptaron al individuo, quien <strong>momentos antes hab\u00eda intentado enga\u00f1ar a una comerciante<\/strong> mediante un ardid en su local comercial. La v\u00edctima, una joven de <strong>26 a\u00f1os<\/strong>, propietaria de una <strong>poller\u00eda ubicada en Bottaro y Casella<\/strong>, relat\u00f3 que el sujeto ingres\u00f3 al comercio, <strong>consumi\u00f3 una bebida gaseosa de 600 ml<\/strong> y simul\u00f3 realizar una compra. Posteriormente, abandon\u00f3 el producto en el mostrador y <strong>se dio a la fuga<\/strong>, siendo <strong>retenido por vecinos<\/strong> hasta la llegada del personal policial.<\/p>\n\n\n\n<p>La damnificada fue trasladada a la dependencia policial para brindar su <strong>declaraci\u00f3n testimonial<\/strong>, mientras que el <strong>aprehendido qued\u00f3 alojado en la sede de la Estaci\u00f3n de Polic\u00eda Comunal San Pedro<\/strong>. Interviene la <strong>UFI N\u00b0 7<\/strong>, que dispuso la <strong>notificaci\u00f3n del imputado por los delitos de Hurto y Estafa en tentativa<\/strong>.<\/p>\n\n\n\n<p>#SanPedro #Policiales #Aprehensi\u00f3n #Hurto #Estafa #CentroDeMonitoreo #Seguridad<\/p>\n","protected":false},"excerpt":{"rendered":"<p>Un sujeto de 30 a\u00f1os fue detenido tras intentar enga\u00f1ar a una comerciante en un local del rubro poller\u00eda. El hecho fue advertido por el Centro de Monitoreo Municipal. Personal de la Estaci\u00f3n de Polic\u00eda Comunal San Pedro procedi\u00f3 a la aprehensi\u00f3n de un hombre de 30 a\u00f1os, reconocido por sus antecedentes delictivos, luego de [&hellip;]<\/p>\n","protected":false},"author":4,"featured_media":144257,"comment_status":"closed","ping_status":"closed","sticky":false,"template":"","format":"standard","meta":{"om_disable_all_campaigns":false,"_jetpack_memberships_contains_paid_content":false,"footnotes":""},"categories":[2,103],"tags":[6615,6614,6617,6618,6616,5678,6613],"class_list":["post-144256","post","type-post","status-publish","format-standard","has-post-thumbnail","hentry","category-locales","category-policiales-locales","tag-aprehendido-por-hurto-san-pedro","tag-centro-de-monitoreo-san-pedro","tag-delito-hurto-y-estafa","tag-detenido-por-intento-de-robo","tag-intento-de-estafa-en-polleria","tag-policia-comunal-san-pedro","tag-ufi-n7"],"aioseo_notices":[],"gutentor_comment":0,"jetpack_featured_media_url":"https:\/\/eldiariodesanpedro.com.ar\/sitio\/wp-content\/uploads\/2025\/10\/medida-1-4.jpg","jetpack_shortlink":"https:\/\/wp.me\/p6RhLt-BwI","jetpack_sharing_enabled":true,"_links":{"self":[{"href":"https:\/\/eldiariodesanpedro.com.ar\/sitio\/wp-json\/wp\/v2\/posts\/144256","targetHints":{"allow":["GET"]}}],"collection":[{"href":"https:\/\/eldiariodesanpedro.com.ar\/sitio\/wp-json\/wp\/v2\/posts"}],"about":[{"href":"https:\/\/eldiariodesanpedro.com.ar\/sitio\/wp-json\/wp\/v2\/types\/post"}],"author":[{"embeddable":true,"href":"https:\/\/eldiariodesanpedro.com.ar\/sitio\/wp-json\/wp\/v2\/users\/4"}],"replies":[{"embeddable":true,"href":"https:\/\/eldiariodesanpedro.com.ar\/sitio\/wp-json\/wp\/v2\/comments?post=144256"}],"version-history":[{"count":1,"href":"https:\/\/eldiariodesanpedro.com.ar\/sitio\/wp-json\/wp\/v2\/posts\/144256\/revisions"}],"predecessor-version":[{"id":144258,"href":"https:\/\/eldiariodesanpedro.com.ar\/sitio\/wp-json\/wp\/v2\/posts\/144256\/revisions\/144258"}],"wp:featuredmedia":[{"embeddable":true,"href":"https:\/\/eldiariodesanpedro.com.ar\/sitio\/wp-json\/wp\/v2\/media\/144257"}],"wp:attachment":[{"href":"https:\/\/eldiariodesanpedro.com.ar\/sitio\/wp-json\/wp\/v2\/media?parent=144256"}],"wp:term":[{"taxonomy":"category","embeddable":true,"href":"https:\/\/eldiariodesanpedro.com.ar\/sitio\/wp-json\/wp\/v2\/categories?post=144256"},{"taxonomy":"post_tag","embeddable":true,"href":"https:\/\/eldiariodesanpedro.com.ar\/sitio\/wp-json\/wp\/v2\/tags?post=144256"}],"curies":[{"name":"wp","href":"https:\/\/api.w.org\/{rel}","templated":true}]}}