{"id":144221,"date":"2025-10-08T16:09:10","date_gmt":"2025-10-08T19:09:10","guid":{"rendered":"https:\/\/eldiariodesanpedro.com.ar\/sitio\/?p=144221"},"modified":"2025-10-08T16:09:14","modified_gmt":"2025-10-08T19:09:14","slug":"visita-de-autoridades-provinciales-y-desarrollo-del-operativo-dni-en-rio-tala","status":"publish","type":"post","link":"https:\/\/eldiariodesanpedro.com.ar\/sitio\/visita-de-autoridades-provinciales-y-desarrollo-del-operativo-dni-en-rio-tala\/","title":{"rendered":"Visita de autoridades provinciales y desarrollo del Operativo DNI en R\u00edo Tala"},"content":{"rendered":"<!-- VideographyWP Plugin Message: Automatic video embedding prevented by plugin options. -->\n\n<p>El intendente Cecilio Salazar y autoridades provinciales encabezaron una nueva jornada del Operativo DNI en R\u00edo Tala, que permiti\u00f3 tramitar m\u00e1s de cien documentos.<\/p>\n\n\n\n<p>La <strong>Municipalidad de San Pedro<\/strong> recibi\u00f3 este martes la visita de la <strong>Directora Provincial del Registro de las Personas, Silvina Ojeda<\/strong>, y del <strong>Director de Documentaci\u00f3n, Gustavo Pastorive<\/strong>, quienes fueron recibidos por el <strong>intendente Cecilio Salazar<\/strong>. El encuentro se enmarca en el trabajo conjunto entre el Municipio y el <strong>Gobierno de la Provincia de Buenos Aires<\/strong> para <strong>facilitar el acceso a la documentaci\u00f3n<\/strong> en todo el partido.<\/p>\n\n\n\n<p>Tras la reuni\u00f3n en el despacho municipal, las autoridades se trasladaron a <strong>R\u00edo Tala<\/strong>, donde se desarroll\u00f3 un nuevo <strong>Operativo Gratuito de DNI<\/strong>, que permiti\u00f3 a vecinos y vecinas realizar <strong>m\u00e1s de cien tr\u00e1mites<\/strong>, entre <strong>renovaciones y nuevos ejemplares<\/strong>, as\u00ed como <strong>solicitudes de partidas, certificados de domicilio y extrav\u00edo, Certificados de Pre Identificaci\u00f3n (CPI), empadronamiento de personas extranjeras<\/strong> e incluso <strong>tr\u00e1mites de cambio de g\u00e9nero<\/strong>.<\/p>\n\n\n\n<p>El operativo, <strong>coordinado junto al Registro Provincial de las Personas<\/strong>, continuar\u00e1 recorriendo las localidades del partido. El pr\u00f3ximo se realizar\u00e1 <strong>este mi\u00e9rcoles 8 de octubre en Los Cazadores<\/strong>, en <strong>Callej\u00f3n Rossito S\/N<\/strong>, de <strong>10 a 15 horas<\/strong>, con el objetivo de <strong>acercar oportunidades de gesti\u00f3n<\/strong> y <strong>garantizar el acceso a derechos<\/strong> en cada comunidad del distrito.<\/p>\n\n\n\n<p>#SanPedro #R\u00edoTala #OperativoDNI #CecilioSalazar #GobiernoDeLaProvincia #RegistroDeLasPersonas #AccesoADerechos #Gesti\u00f3nMunicipal<\/p>\n\n\n\n<div class=\"wp-block-jetpack-slideshow aligncenter\" data-effect=\"slide\"><div class=\"wp-block-jetpack-slideshow_container swiper-container\"><ul class=\"wp-block-jetpack-slideshow_swiper-wrapper swiper-wrapper\"><li class=\"wp-block-jetpack-slideshow_slide swiper-slide\"><figure><img decoding=\"async\" width=\"946\" height=\"630\" alt=\"\" class=\"wp-block-jetpack-slideshow_image wp-image-144226 lazyload\" data-id=\"144226\" data-src=\"https:\/\/eldiariodesanpedro.com.ar\/sitio\/wp-content\/uploads\/2025\/10\/Imagen-de-WhatsApp-2025-10-07-a-las-16.06.54_8f18dc07.jpg\" data-srcset=\"https:\/\/eldiariodesanpedro.com.ar\/sitio\/wp-content\/uploads\/2025\/10\/Imagen-de-WhatsApp-2025-10-07-a-las-16.06.54_8f18dc07.jpg 946w, https:\/\/eldiariodesanpedro.com.ar\/sitio\/wp-content\/uploads\/2025\/10\/Imagen-de-WhatsApp-2025-10-07-a-las-16.06.54_8f18dc07-300x200.jpg 300w, https:\/\/eldiariodesanpedro.com.ar\/sitio\/wp-content\/uploads\/2025\/10\/Imagen-de-WhatsApp-2025-10-07-a-las-16.06.54_8f18dc07-768x511.jpg 768w\" data-sizes=\"(max-width: 946px) 100vw, 946px\" src=\"data:image\/svg+xml;base64,PHN2ZyB3aWR0aD0iMSIgaGVpZ2h0PSIxIiB4bWxucz0iaHR0cDovL3d3dy53My5vcmcvMjAwMC9zdmciPjwvc3ZnPg==\" style=\"--smush-placeholder-width: 946px; --smush-placeholder-aspect-ratio: 946\/630;\" \/><\/figure><\/li><li class=\"wp-block-jetpack-slideshow_slide swiper-slide\"><figure><img decoding=\"async\" width=\"946\" height=\"630\" alt=\"\" class=\"wp-block-jetpack-slideshow_image wp-image-144225 lazyload\" data-id=\"144225\" data-src=\"https:\/\/eldiariodesanpedro.com.ar\/sitio\/wp-content\/uploads\/2025\/10\/Imagen-de-WhatsApp-2025-10-07-a-las-16.06.53_9912467a.jpg\" data-srcset=\"https:\/\/eldiariodesanpedro.com.ar\/sitio\/wp-content\/uploads\/2025\/10\/Imagen-de-WhatsApp-2025-10-07-a-las-16.06.53_9912467a.jpg 946w, https:\/\/eldiariodesanpedro.com.ar\/sitio\/wp-content\/uploads\/2025\/10\/Imagen-de-WhatsApp-2025-10-07-a-las-16.06.53_9912467a-300x200.jpg 300w, https:\/\/eldiariodesanpedro.com.ar\/sitio\/wp-content\/uploads\/2025\/10\/Imagen-de-WhatsApp-2025-10-07-a-las-16.06.53_9912467a-768x511.jpg 768w\" data-sizes=\"(max-width: 946px) 100vw, 946px\" src=\"data:image\/svg+xml;base64,PHN2ZyB3aWR0aD0iMSIgaGVpZ2h0PSIxIiB4bWxucz0iaHR0cDovL3d3dy53My5vcmcvMjAwMC9zdmciPjwvc3ZnPg==\" style=\"--smush-placeholder-width: 946px; --smush-placeholder-aspect-ratio: 946\/630;\" \/><\/figure><\/li><li class=\"wp-block-jetpack-slideshow_slide swiper-slide\"><figure><img decoding=\"async\" width=\"946\" height=\"630\" alt=\"\" class=\"wp-block-jetpack-slideshow_image wp-image-144224 lazyload\" data-id=\"144224\" data-src=\"https:\/\/eldiariodesanpedro.com.ar\/sitio\/wp-content\/uploads\/2025\/10\/Imagen-de-WhatsApp-2025-10-07-a-las-16.06.53_81f2acd2.jpg\" data-srcset=\"https:\/\/eldiariodesanpedro.com.ar\/sitio\/wp-content\/uploads\/2025\/10\/Imagen-de-WhatsApp-2025-10-07-a-las-16.06.53_81f2acd2.jpg 946w, https:\/\/eldiariodesanpedro.com.ar\/sitio\/wp-content\/uploads\/2025\/10\/Imagen-de-WhatsApp-2025-10-07-a-las-16.06.53_81f2acd2-300x200.jpg 300w, https:\/\/eldiariodesanpedro.com.ar\/sitio\/wp-content\/uploads\/2025\/10\/Imagen-de-WhatsApp-2025-10-07-a-las-16.06.53_81f2acd2-768x511.jpg 768w\" data-sizes=\"(max-width: 946px) 100vw, 946px\" src=\"data:image\/svg+xml;base64,PHN2ZyB3aWR0aD0iMSIgaGVpZ2h0PSIxIiB4bWxucz0iaHR0cDovL3d3dy53My5vcmcvMjAwMC9zdmciPjwvc3ZnPg==\" style=\"--smush-placeholder-width: 946px; --smush-placeholder-aspect-ratio: 946\/630;\" \/><\/figure><\/li><li class=\"wp-block-jetpack-slideshow_slide swiper-slide\"><figure><img decoding=\"async\" width=\"946\" height=\"630\" alt=\"\" class=\"wp-block-jetpack-slideshow_image wp-image-144223 lazyload\" data-id=\"144223\" data-src=\"https:\/\/eldiariodesanpedro.com.ar\/sitio\/wp-content\/uploads\/2025\/10\/Imagen-de-WhatsApp-2025-10-07-a-las-16.06.52_b31fccef.jpg\" data-srcset=\"https:\/\/eldiariodesanpedro.com.ar\/sitio\/wp-content\/uploads\/2025\/10\/Imagen-de-WhatsApp-2025-10-07-a-las-16.06.52_b31fccef.jpg 946w, https:\/\/eldiariodesanpedro.com.ar\/sitio\/wp-content\/uploads\/2025\/10\/Imagen-de-WhatsApp-2025-10-07-a-las-16.06.52_b31fccef-300x200.jpg 300w, https:\/\/eldiariodesanpedro.com.ar\/sitio\/wp-content\/uploads\/2025\/10\/Imagen-de-WhatsApp-2025-10-07-a-las-16.06.52_b31fccef-768x511.jpg 768w\" data-sizes=\"(max-width: 946px) 100vw, 946px\" src=\"data:image\/svg+xml;base64,PHN2ZyB3aWR0aD0iMSIgaGVpZ2h0PSIxIiB4bWxucz0iaHR0cDovL3d3dy53My5vcmcvMjAwMC9zdmciPjwvc3ZnPg==\" style=\"--smush-placeholder-width: 946px; --smush-placeholder-aspect-ratio: 946\/630;\" \/><\/figure><\/li><li class=\"wp-block-jetpack-slideshow_slide swiper-slide\"><figure><img decoding=\"async\" width=\"946\" height=\"630\" alt=\"\" class=\"wp-block-jetpack-slideshow_image wp-image-144222 lazyload\" data-id=\"144222\" data-src=\"https:\/\/eldiariodesanpedro.com.ar\/sitio\/wp-content\/uploads\/2025\/10\/Imagen-de-WhatsApp-2025-10-07-a-las-16.06.52_9fde2816.jpg\" data-srcset=\"https:\/\/eldiariodesanpedro.com.ar\/sitio\/wp-content\/uploads\/2025\/10\/Imagen-de-WhatsApp-2025-10-07-a-las-16.06.52_9fde2816.jpg 946w, https:\/\/eldiariodesanpedro.com.ar\/sitio\/wp-content\/uploads\/2025\/10\/Imagen-de-WhatsApp-2025-10-07-a-las-16.06.52_9fde2816-300x200.jpg 300w, https:\/\/eldiariodesanpedro.com.ar\/sitio\/wp-content\/uploads\/2025\/10\/Imagen-de-WhatsApp-2025-10-07-a-las-16.06.52_9fde2816-768x511.jpg 768w\" data-sizes=\"(max-width: 946px) 100vw, 946px\" src=\"data:image\/svg+xml;base64,PHN2ZyB3aWR0aD0iMSIgaGVpZ2h0PSIxIiB4bWxucz0iaHR0cDovL3d3dy53My5vcmcvMjAwMC9zdmciPjwvc3ZnPg==\" style=\"--smush-placeholder-width: 946px; --smush-placeholder-aspect-ratio: 946\/630;\" \/><\/figure><\/li><\/ul><a class=\"wp-block-jetpack-slideshow_button-prev swiper-button-prev swiper-button-white\" role=\"button\"><\/a><a class=\"wp-block-jetpack-slideshow_button-next swiper-button-next swiper-button-white\" role=\"button\"><\/a><a aria-label=\"Pause Slideshow\" class=\"wp-block-jetpack-slideshow_button-pause\" role=\"button\"><\/a><div class=\"wp-block-jetpack-slideshow_pagination swiper-pagination swiper-pagination-white\"><\/div><\/div><\/div>\n\n\n\n<p><br><\/p>\n","protected":false},"excerpt":{"rendered":"<p>El intendente Cecilio Salazar y autoridades provinciales encabezaron una nueva jornada del Operativo DNI en R\u00edo Tala, que permiti\u00f3 tramitar m\u00e1s de cien documentos. La Municipalidad de San Pedro recibi\u00f3 este martes la visita de la Directora Provincial del Registro de las Personas, Silvina Ojeda, y del Director de Documentaci\u00f3n, Gustavo Pastorive, quienes fueron recibidos [&hellip;]<\/p>\n","protected":false},"author":4,"featured_media":144227,"comment_status":"closed","ping_status":"closed","sticky":false,"template":"","format":"standard","meta":{"om_disable_all_campaigns":false,"_jetpack_memberships_contains_paid_content":false,"footnotes":""},"categories":[101,2],"tags":[6590,6585,6588,6280,6587,6586,6589],"class_list":["post-144221","post","type-post","status-publish","format-standard","has-post-thumbnail","hentry","category-interes-general-locales","category-locales","tag-acceso-a-derechos-ciudadanos","tag-cecilio-salazar-autoridades-provinciales","tag-dni-gratuito-los-cazadores","tag-operativo-dni-san-pedro","tag-registro-de-las-personas-buenos-aires","tag-rio-tala-documentacion","tag-tramites-municipales-san-pedro"],"aioseo_notices":[],"gutentor_comment":0,"jetpack_featured_media_url":"https:\/\/eldiariodesanpedro.com.ar\/sitio\/wp-content\/uploads\/2025\/10\/Imagen-de-WhatsApp-2025-10-07-a-las-16.06.54_f20c10b2.jpg","jetpack_shortlink":"https:\/\/wp.me\/p6RhLt-Bw9","jetpack_sharing_enabled":true,"_links":{"self":[{"href":"https:\/\/eldiariodesanpedro.com.ar\/sitio\/wp-json\/wp\/v2\/posts\/144221","targetHints":{"allow":["GET"]}}],"collection":[{"href":"https:\/\/eldiariodesanpedro.com.ar\/sitio\/wp-json\/wp\/v2\/posts"}],"about":[{"href":"https:\/\/eldiariodesanpedro.com.ar\/sitio\/wp-json\/wp\/v2\/types\/post"}],"author":[{"embeddable":true,"href":"https:\/\/eldiariodesanpedro.com.ar\/sitio\/wp-json\/wp\/v2\/users\/4"}],"replies":[{"embeddable":true,"href":"https:\/\/eldiariodesanpedro.com.ar\/sitio\/wp-json\/wp\/v2\/comments?post=144221"}],"version-history":[{"count":1,"href":"https:\/\/eldiariodesanpedro.com.ar\/sitio\/wp-json\/wp\/v2\/posts\/144221\/revisions"}],"predecessor-version":[{"id":144228,"href":"https:\/\/eldiariodesanpedro.com.ar\/sitio\/wp-json\/wp\/v2\/posts\/144221\/revisions\/144228"}],"wp:featuredmedia":[{"embeddable":true,"href":"https:\/\/eldiariodesanpedro.com.ar\/sitio\/wp-json\/wp\/v2\/media\/144227"}],"wp:attachment":[{"href":"https:\/\/eldiariodesanpedro.com.ar\/sitio\/wp-json\/wp\/v2\/media?parent=144221"}],"wp:term":[{"taxonomy":"category","embeddable":true,"href":"https:\/\/eldiariodesanpedro.com.ar\/sitio\/wp-json\/wp\/v2\/categories?post=144221"},{"taxonomy":"post_tag","embeddable":true,"href":"https:\/\/eldiariodesanpedro.com.ar\/sitio\/wp-json\/wp\/v2\/tags?post=144221"}],"curies":[{"name":"wp","href":"https:\/\/api.w.org\/{rel}","templated":true}]}}