{"id":14422,"date":"2017-02-09T20:43:16","date_gmt":"2017-02-09T23:43:16","guid":{"rendered":"https:\/\/eldiariodesanpedro.com.ar\/sitio\/?p=14422"},"modified":"2017-02-09T20:43:16","modified_gmt":"2017-02-09T23:43:16","slug":"baradero-kapanga-ironizo-en-el-festival-de-rock-sobre-los-consejos-de-aranguren-para-ahorrar-energia","status":"publish","type":"post","link":"https:\/\/eldiariodesanpedro.com.ar\/sitio\/baradero-kapanga-ironizo-en-el-festival-de-rock-sobre-los-consejos-de-aranguren-para-ahorrar-energia\/","title":{"rendered":"BARADERO: Kapanga ironiz\u00f3 en el Festival de Rock sobre los consejos de Aranguren para ahorrar energ\u00eda"},"content":{"rendered":"<p><!-- VideographyWP Plugin Message: Automatic video embedding prevented by plugin options. --><br \/>\nKapanga ironiz\u00f3 sobre las recomendaciones del ministro de Energ\u00eda para ahorrar luz durante un recital en Baradero. \u2018Apagame un par de luces del escenario\u2019, lanz\u00f3 y le pidi\u00f3 a sus colegas \u2018usar guitarras criollas.<\/p>\n<p>Durante su presentaci\u00f3n en la segunda jornada del Rock en Baradero, Kapanga se burl\u00f3 de las recomendaciones del ministro Juan Jos\u00e9 Aranguren para ahorrar energ\u00eda al pedirle a los encargados de la iluminaci\u00f3n del escenario \u201capaguen un par de luces\u201d.<\/p>\n<p>\u201cUsen la plancha tres horas nada m\u00e1s a la semana, el microondas 30 minutos al d\u00eda. \u00bfUstedes quer\u00edan ser Venezuela, ah\u00ed lo tienen\u201d, lanz\u00f3 Mart\u00edn Mono Fabio.<\/p>\n<p>Por su parte, el guitarrista Maikel les pidi\u00f3 a sus colegas de Attaque 77 y Carajo que \u201cusen menos el distorsi\u00f3n\u201d (pedal de la guitarra el\u00e9ctrica) o que s\u00f3lo lo utilicen \u201c20 minutos al d\u00eda\u201d.<\/p>\n<p>\u201cMenos distorsi\u00f3n y m\u00e1s guitarra criolla. Esa es la pr\u00f3xima propuesta\u201d, retruc\u00f3 el cantante de Kapanga en referencia a los ins\u00f3litos consejos de Aranguren para ahorrar energ\u00eda el\u00e9ctrica.<\/p>\n<p>La semana pasada, el ministro dio series de \u201cconsejos\u201d para evitar que la pr\u00f3xima factura de la luz sea cuantiosa a causa del tarifazo que impuso desde febrero con subas de hasta el 148 por ciento.<\/p>\n<p>Los tips que recomend\u00f3 el funcionario fueron: usar el aire acondicionado 4 horas por d\u00eda, utilizar el lavarropas de tres ciclos por semana con agua fr\u00eda y ver televisi\u00f3n 4 horas diarias, entre otros consejos. (Fuente: Minuto Uno)<\/p>\n","protected":false},"excerpt":{"rendered":"<p>Kapanga ironiz\u00f3 sobre las recomendaciones del ministro de Energ\u00eda para ahorrar luz durante un recital en Baradero. \u2018Apagame un par de luces del escenario\u2019, lanz\u00f3 y le pidi\u00f3 a sus colegas \u2018usar guitarras criollas. Durante su presentaci\u00f3n en la segunda jornada del Rock en Baradero, Kapanga se burl\u00f3 de las recomendaciones del ministro Juan Jos\u00e9 [&hellip;]<\/p>\n","protected":false},"author":4,"featured_media":14424,"comment_status":"open","ping_status":"closed","sticky":false,"template":"","format":"standard","meta":{"om_disable_all_campaigns":false,"_jetpack_memberships_contains_paid_content":false,"footnotes":""},"categories":[621],"tags":[],"class_list":["post-14422","post","type-post","status-publish","format-standard","has-post-thumbnail","hentry","category-regionales"],"aioseo_notices":[],"gutentor_comment":0,"jetpack_featured_media_url":"https:\/\/eldiariodesanpedro.com.ar\/sitio\/wp-content\/uploads\/2017\/02\/Kapanga.jpg","jetpack_shortlink":"https:\/\/wp.me\/p6RhLt-3KC","jetpack_sharing_enabled":true,"_links":{"self":[{"href":"https:\/\/eldiariodesanpedro.com.ar\/sitio\/wp-json\/wp\/v2\/posts\/14422","targetHints":{"allow":["GET"]}}],"collection":[{"href":"https:\/\/eldiariodesanpedro.com.ar\/sitio\/wp-json\/wp\/v2\/posts"}],"about":[{"href":"https:\/\/eldiariodesanpedro.com.ar\/sitio\/wp-json\/wp\/v2\/types\/post"}],"author":[{"embeddable":true,"href":"https:\/\/eldiariodesanpedro.com.ar\/sitio\/wp-json\/wp\/v2\/users\/4"}],"replies":[{"embeddable":true,"href":"https:\/\/eldiariodesanpedro.com.ar\/sitio\/wp-json\/wp\/v2\/comments?post=14422"}],"version-history":[{"count":1,"href":"https:\/\/eldiariodesanpedro.com.ar\/sitio\/wp-json\/wp\/v2\/posts\/14422\/revisions"}],"predecessor-version":[{"id":14425,"href":"https:\/\/eldiariodesanpedro.com.ar\/sitio\/wp-json\/wp\/v2\/posts\/14422\/revisions\/14425"}],"wp:featuredmedia":[{"embeddable":true,"href":"https:\/\/eldiariodesanpedro.com.ar\/sitio\/wp-json\/wp\/v2\/media\/14424"}],"wp:attachment":[{"href":"https:\/\/eldiariodesanpedro.com.ar\/sitio\/wp-json\/wp\/v2\/media?parent=14422"}],"wp:term":[{"taxonomy":"category","embeddable":true,"href":"https:\/\/eldiariodesanpedro.com.ar\/sitio\/wp-json\/wp\/v2\/categories?post=14422"},{"taxonomy":"post_tag","embeddable":true,"href":"https:\/\/eldiariodesanpedro.com.ar\/sitio\/wp-json\/wp\/v2\/tags?post=14422"}],"curies":[{"name":"wp","href":"https:\/\/api.w.org\/{rel}","templated":true}]}}