{"id":14418,"date":"2017-02-09T20:39:34","date_gmt":"2017-02-09T23:39:34","guid":{"rendered":"https:\/\/eldiariodesanpedro.com.ar\/sitio\/?p=14418"},"modified":"2017-02-09T20:39:34","modified_gmt":"2017-02-09T23:39:34","slug":"zarate-accidente-fatal-en-panamericana-la-pareja-involucrada-es-oriunda-del-chaco","status":"publish","type":"post","link":"https:\/\/eldiariodesanpedro.com.ar\/sitio\/zarate-accidente-fatal-en-panamericana-la-pareja-involucrada-es-oriunda-del-chaco\/","title":{"rendered":"Z\u00c1RATE: Accidente fatal en Panamericana: la pareja involucrada es oriunda del Chaco"},"content":{"rendered":"<p><!-- VideographyWP Plugin Message: Automatic video embedding prevented by plugin options. --><br \/>\nEl mi\u00e9rcoles, alrededor de las cinco de la ma\u00f1ana de este mi\u00e9rcoles, se produjo una fatal colisi\u00f3n en el km. 90 de ruta Panamericana, altura de la Cervecer\u00eda Isenbeck. Un micro de turismo embisti\u00f3 por la parte trasera a una camioneta que, aparentemente, se hab\u00eda quedado sin luces.<\/p>\n<p>Como consecuencia del impacto, el rodado de menor porte sali\u00f3 despedido de la cinta asf\u00e1ltica. En su interior viajaba un matrimonio mayor de aproximadamente entre 70 y 75 a\u00f1os.<\/p>\n<p>El conductor falleci\u00f3 en el acto y la mujer tuvo que ser rescatada por Bomberos Voluntarios de Z\u00e1rate. al quedar atrapada en el habit\u00e1culo, para ser trasladada con traumatismos varios al Hospital Virgen del Carmen, donde se encuentra internada, estabilizada y fuera de peligro.<\/p>\n<p>La pareja viajaba desde la localidad de Quitilipi, Chaco, de donde son oriundos, hacia Capital Federal. (http:\/\/www.enlacecritico.com)<\/p>\n","protected":false},"excerpt":{"rendered":"<p>El mi\u00e9rcoles, alrededor de las cinco de la ma\u00f1ana de este mi\u00e9rcoles, se produjo una fatal colisi\u00f3n en el km. 90 de ruta Panamericana, altura de la Cervecer\u00eda Isenbeck. Un micro de turismo embisti\u00f3 por la parte trasera a una camioneta que, aparentemente, se hab\u00eda quedado sin luces. Como consecuencia del impacto, el rodado de [&hellip;]<\/p>\n","protected":false},"author":4,"featured_media":14419,"comment_status":"open","ping_status":"closed","sticky":false,"template":"","format":"standard","meta":{"om_disable_all_campaigns":false,"_jetpack_memberships_contains_paid_content":false,"footnotes":""},"categories":[621],"tags":[],"class_list":["post-14418","post","type-post","status-publish","format-standard","has-post-thumbnail","hentry","category-regionales"],"aioseo_notices":[],"gutentor_comment":0,"jetpack_featured_media_url":"https:\/\/eldiariodesanpedro.com.ar\/sitio\/wp-content\/uploads\/2017\/02\/El-auto-que-protagoniz\u00f3-el-accidente.jpg","jetpack_shortlink":"https:\/\/wp.me\/p6RhLt-3Ky","jetpack_sharing_enabled":true,"_links":{"self":[{"href":"https:\/\/eldiariodesanpedro.com.ar\/sitio\/wp-json\/wp\/v2\/posts\/14418","targetHints":{"allow":["GET"]}}],"collection":[{"href":"https:\/\/eldiariodesanpedro.com.ar\/sitio\/wp-json\/wp\/v2\/posts"}],"about":[{"href":"https:\/\/eldiariodesanpedro.com.ar\/sitio\/wp-json\/wp\/v2\/types\/post"}],"author":[{"embeddable":true,"href":"https:\/\/eldiariodesanpedro.com.ar\/sitio\/wp-json\/wp\/v2\/users\/4"}],"replies":[{"embeddable":true,"href":"https:\/\/eldiariodesanpedro.com.ar\/sitio\/wp-json\/wp\/v2\/comments?post=14418"}],"version-history":[{"count":1,"href":"https:\/\/eldiariodesanpedro.com.ar\/sitio\/wp-json\/wp\/v2\/posts\/14418\/revisions"}],"predecessor-version":[{"id":14420,"href":"https:\/\/eldiariodesanpedro.com.ar\/sitio\/wp-json\/wp\/v2\/posts\/14418\/revisions\/14420"}],"wp:featuredmedia":[{"embeddable":true,"href":"https:\/\/eldiariodesanpedro.com.ar\/sitio\/wp-json\/wp\/v2\/media\/14419"}],"wp:attachment":[{"href":"https:\/\/eldiariodesanpedro.com.ar\/sitio\/wp-json\/wp\/v2\/media?parent=14418"}],"wp:term":[{"taxonomy":"category","embeddable":true,"href":"https:\/\/eldiariodesanpedro.com.ar\/sitio\/wp-json\/wp\/v2\/categories?post=14418"},{"taxonomy":"post_tag","embeddable":true,"href":"https:\/\/eldiariodesanpedro.com.ar\/sitio\/wp-json\/wp\/v2\/tags?post=14418"}],"curies":[{"name":"wp","href":"https:\/\/api.w.org\/{rel}","templated":true}]}}