{"id":14416,"date":"2017-02-09T20:40:17","date_gmt":"2017-02-09T23:40:17","guid":{"rendered":"https:\/\/eldiariodesanpedro.com.ar\/sitio\/?p=14416"},"modified":"2017-02-09T20:40:17","modified_gmt":"2017-02-09T23:40:17","slug":"se-llevan-a-cabo-en-tareas-del-sector-electrico-de-coopser","status":"publish","type":"post","link":"https:\/\/eldiariodesanpedro.com.ar\/sitio\/se-llevan-a-cabo-en-tareas-del-sector-electrico-de-coopser\/","title":{"rendered":"Se llevan a cabo en tareas del sector el\u00e9ctrico de COOPSER"},"content":{"rendered":"<p><!-- VideographyWP Plugin Message: Automatic video embedding prevented by plugin options. --><br \/>\nCoopser informa que las cuadrillas del sector el\u00e9ctrico han desplegado durante los \u00faltimos d\u00edas un operativo especial para atender todos los inconvenientes producidos por las \u00faltimas tormentas en un verano en el que han sido necesarios m\u00faltiples servicios relacionados con estos problemas.<\/p>\n<p>En cuanto a obras en ejecuci\u00f3n o proyectadas el informe de esta semana incluye:<\/p>\n<p>En el Loteo Cremona se extiende la l\u00ednea a\u00e9rea en baja tensi\u00f3n trif\u00e1sica con un presupuesto de $ 80.088 y 8 usuarios como destinatarias.<br \/>\nEn Callej\u00f3n Tulissi al 200  se cumple con la extensi\u00f3n red de baja tensi\u00f3n preensamblada trif\u00e1sica mejorando la calidad del servicio a m\u00e1s de 130 usuarios.<br \/>\nEn Azcu\u00e9naga 500 reestructuraci\u00f3n de l\u00ednea a\u00e9rea en baja tensi\u00f3n preensamblada con 6 familias beneficiadas.<br \/>\nEn Pav\u00f3n 1600, reestructuraci\u00f3n de cruce de calle a\u00e9reo en baja tensi\u00f3n de monof\u00e1sico a trif\u00e1sico preensamblado solicitado por un socio.<br \/>\nEn Dipietri 1200 reestructuraci\u00f3n de l\u00ednea a\u00e9rea en baja tensi\u00f3n de monof\u00e1sica preensamblada a trif\u00e1sica preensamblada con un costo de $ 6.764 y 5 usuarios beneficiados.<br \/>\nEn Callej\u00f3n Bachor 140 se cumple con la valorizaci\u00f3n de materiales, mano de obra y equipos para extensi\u00f3n de l\u00ednea subterr\u00e1nea en baja tensi\u00f3n trif\u00e1sica para un usuario.<br \/>\nEn FC Rodr\u00edguez 380 de Santa Luc\u00eda se amplia la l\u00ednea a\u00e9rea en baja tensi\u00f3n de monof\u00e1sica preensamblada a trif\u00e1sica preensamblada cumpliendo con el requerimiento de un socio.<br \/>\nEn Santa Luc\u00eda se reestructura l\u00ednea a\u00e9rea en baja tensi\u00f3n de monof\u00e1sica convencional a preensamblada trif\u00e1sica con un costo $ 45.957 para 6 usuarios.<\/p>\n<p>Como siempre se cumple con la atenci\u00f3n de reclamos, mantenimiento de alumbrado y poda preventiva.<\/p>\n","protected":false},"excerpt":{"rendered":"<p>Coopser informa que las cuadrillas del sector el\u00e9ctrico han desplegado durante los \u00faltimos d\u00edas un operativo especial para atender todos los inconvenientes producidos por las \u00faltimas tormentas en un verano en el que han sido necesarios m\u00faltiples servicios relacionados con estos problemas. En cuanto a obras en ejecuci\u00f3n o proyectadas el informe de esta semana [&hellip;]<\/p>\n","protected":false},"author":4,"featured_media":14421,"comment_status":"open","ping_status":"closed","sticky":false,"template":"","format":"standard","meta":{"om_disable_all_campaigns":false,"_jetpack_memberships_contains_paid_content":false,"footnotes":""},"categories":[101,2],"tags":[],"class_list":["post-14416","post","type-post","status-publish","format-standard","has-post-thumbnail","hentry","category-interes-general-locales","category-locales"],"aioseo_notices":[],"gutentor_comment":0,"jetpack_featured_media_url":"https:\/\/eldiariodesanpedro.com.ar\/sitio\/wp-content\/uploads\/2017\/02\/coopser-e1486683594690.jpg","jetpack_shortlink":"https:\/\/wp.me\/p6RhLt-3Kw","jetpack_sharing_enabled":true,"_links":{"self":[{"href":"https:\/\/eldiariodesanpedro.com.ar\/sitio\/wp-json\/wp\/v2\/posts\/14416","targetHints":{"allow":["GET"]}}],"collection":[{"href":"https:\/\/eldiariodesanpedro.com.ar\/sitio\/wp-json\/wp\/v2\/posts"}],"about":[{"href":"https:\/\/eldiariodesanpedro.com.ar\/sitio\/wp-json\/wp\/v2\/types\/post"}],"author":[{"embeddable":true,"href":"https:\/\/eldiariodesanpedro.com.ar\/sitio\/wp-json\/wp\/v2\/users\/4"}],"replies":[{"embeddable":true,"href":"https:\/\/eldiariodesanpedro.com.ar\/sitio\/wp-json\/wp\/v2\/comments?post=14416"}],"version-history":[{"count":1,"href":"https:\/\/eldiariodesanpedro.com.ar\/sitio\/wp-json\/wp\/v2\/posts\/14416\/revisions"}],"predecessor-version":[{"id":14423,"href":"https:\/\/eldiariodesanpedro.com.ar\/sitio\/wp-json\/wp\/v2\/posts\/14416\/revisions\/14423"}],"wp:featuredmedia":[{"embeddable":true,"href":"https:\/\/eldiariodesanpedro.com.ar\/sitio\/wp-json\/wp\/v2\/media\/14421"}],"wp:attachment":[{"href":"https:\/\/eldiariodesanpedro.com.ar\/sitio\/wp-json\/wp\/v2\/media?parent=14416"}],"wp:term":[{"taxonomy":"category","embeddable":true,"href":"https:\/\/eldiariodesanpedro.com.ar\/sitio\/wp-json\/wp\/v2\/categories?post=14416"},{"taxonomy":"post_tag","embeddable":true,"href":"https:\/\/eldiariodesanpedro.com.ar\/sitio\/wp-json\/wp\/v2\/tags?post=14416"}],"curies":[{"name":"wp","href":"https:\/\/api.w.org\/{rel}","templated":true}]}}