{"id":14414,"date":"2017-02-09T20:37:39","date_gmt":"2017-02-09T23:37:39","guid":{"rendered":"https:\/\/eldiariodesanpedro.com.ar\/sitio\/?p=14414"},"modified":"2017-02-09T20:37:39","modified_gmt":"2017-02-09T23:37:39","slug":"todavia-la-provincia-no-autorizo-el-aumento-de-energia-a-los-municipios","status":"publish","type":"post","link":"https:\/\/eldiariodesanpedro.com.ar\/sitio\/todavia-la-provincia-no-autorizo-el-aumento-de-energia-a-los-municipios\/","title":{"rendered":"Todav\u00eda la Provincia no autoriz\u00f3 el aumento de energ\u00eda a los municipios"},"content":{"rendered":"<p><!-- VideographyWP Plugin Message: Automatic video embedding prevented by plugin options. --><br \/>\nEl Gobierno Nacional anunci\u00f3 nuevas subas en el aumento de luz que reflejar\u00e1n incrementos en las facturas que van del 60% al 148% para usuarios de Edenor y Edesur. A\u00fan ese incremento no se ha trasladado a la Provincia de Buenos Aires pero se cree que en los pr\u00f3ximos d\u00edas podr\u00eda concretarse.<\/p>\n<p>Al respecto, el Presidente del Consejo de Administraci\u00f3n de la Coopser, Iv\u00e1n Groppo, explic\u00f3: \u201cNaci\u00f3n dispuso nuevo aumento que no nos ata\u00f1e por el momento a San Pedro, la gente tiene que entender que qui\u00e9n regula la tarifa el\u00e9ctrica en San Pedro es la Provincia Buenos Aires. Todav\u00eda no se ha expedido, o sea lo que se escucha en medios nacionales es para las empresas que distribuyen luz en capital Federal, como son Edenor y Edesur\u201d.<\/p>\n<p>Al tiempo que afirm\u00f3: \u201cEn el caso nuestro, de la cooperativa el\u00e9ctrica, por el momento no tenemos ninguna notificaci\u00f3n de que aument\u00f3 la electricidad para la provincia de Buenos Aires, as\u00ed que esperaremos\u201d.<\/p>\n<p>\u201cHay algunos trascendidos de que podr\u00eda ser entre un 30 y un 40% pero no lo sabemos cuando la cooperativa sea notificada a trav\u00e9s del Oceva lo daremos a conocer a los usuarios a los socios de la cooperativa\u201d, sostuvo.<\/p>\n<p>Y en ese sentido, dijo: \u201cA partir del primero de febrero, naci\u00f3n firm\u00f3 una nueva resoluci\u00f3n que establece nuevos valores para el mercado mayorista, o sea la energ\u00eda que la cooperativa compra para despu\u00e9s venderla a los sampedrinos. Nosotros en diciembre pagamos por la energ\u00eda que compramos, para despu\u00e9s distribuir en San Pedro, 6 millones y medio de pesos a partir del mes de febrero, haciendo un estimativo, esa energ\u00eda nos va a salir 11 millones\u201d. Es decir que \u201cpagamos la energ\u00eda m\u00e1s cara pero todav\u00eda no fue trasladado al socio\u201d.<\/p>\n<p><strong>Vidal negocia para atenuar el tarifazo de luz en la provincia<\/strong><\/p>\n<p>Por estas horas, funcionarios del gobierno siguen negociando con las el\u00e9ctricas para definir las subas. Es una mesa donde participan todas las empresas que operan en el territorio bonaerense a la que se suma el ente regulador, economistas y especialistas en energ\u00eda.<\/p>\n<p>\u201cNo queremos adelantar nada, pero dado que la Provincia siempre tuvo tarifas m\u00e1s bajas que las de capital y el Gran Buenos Aires, estamos confiados en poder quedar algunos puntos por debajo de la suba que anunci\u00f3 el gobierno nacional\u201d, dijo a LPO una fuente del Ejecutivo.<\/p>\n<p>Para el gobierno, fijar el aumento es una propiedad. Cuanto antes lo definan antes se podr\u00e1 aplicar en las boletas y antes tambi\u00e9n llegar\u00e1n las inversiones que prometen las empresas. Esas inversiones -como siempre ocurre- est\u00e1n condicionadas en a una suba de tarifas.<\/p>\n<p>Desde el gobierno provincial deber\u00e1n definir si el aumento para las distribuidora bajo la \u00f3rbita bonaerense tendr\u00e1 impacto inmediato sobre el primer mes de facturaci\u00f3n post aumento, o si -tal como hizo Naci\u00f3n- se desdoblar\u00e1 entre febrero y marzo (con doble peso en este \u00faltimo), para repartir entre estos dos meses su impacto en el \u00edndice de precios al consumidor.<\/p>\n<p><strong>El 74% de los bonaerenses cree que aumento de la luz es \u00abexagerado\u00bb<\/strong><\/p>\n<p>Una encuesta revel\u00f3 que el 74,5% de los bonaerenses considera \u00abexagerado\u00bb el incremento en las tarifas de energ\u00eda el\u00e9ctrica. Dentro de ese universo, el 48,7% considera que la suba en la factura de la luz lo afectar\u00e1 \u00abmucho\u00bb, mientras que el 35,3% afirm\u00f3 que el aumento lo perjudicar\u00e1 \u00abbastante\u00bb.<\/p>\n<p>El estudio fue realizado por la consultora Analog\u00edas en la Provincia de Buenos Aires durante la primera semana de febrero. La encuesta abarc\u00f3 2.000 casos a trav\u00e9s de la modalidad de entrevistas telef\u00f3nicas.<\/p>\n<p>Sin embargo, el aumento de la luz no es el \u00fanico incremento analizado en el estudio. En este contexto, el 75,6% de los encuestados dijo que el incremento de los combustibles es \u00abexagerado\u00bb. En igual sentido, el 81% de los consultados cree que la suba de los peajes fue un exceso.<\/p>\n<p>Seg\u00fan lo relevado por Analog\u00edas, los aumentos de las tarifas, los combustibles y los peajes tendr\u00e1n influencia en las pr\u00f3ximas elecciones. En ese contexto el 68,8% considera que los incrementos pesar\u00e1n \u00abmucho\u00bb o \u00abbastante\u00bb a la hora de votar.<\/p>\n","protected":false},"excerpt":{"rendered":"<p>El Gobierno Nacional anunci\u00f3 nuevas subas en el aumento de luz que reflejar\u00e1n incrementos en las facturas que van del 60% al 148% para usuarios de Edenor y Edesur. A\u00fan ese incremento no se ha trasladado a la Provincia de Buenos Aires pero se cree que en los pr\u00f3ximos d\u00edas podr\u00eda concretarse. Al respecto, el [&hellip;]<\/p>\n","protected":false},"author":4,"featured_media":14415,"comment_status":"open","ping_status":"closed","sticky":false,"template":"","format":"standard","meta":{"om_disable_all_campaigns":false,"_jetpack_memberships_contains_paid_content":false,"footnotes":""},"categories":[2,102],"tags":[],"class_list":["post-14414","post","type-post","status-publish","format-standard","has-post-thumbnail","hentry","category-locales","category-politica-locales"],"aioseo_notices":[],"gutentor_comment":0,"jetpack_featured_media_url":"https:\/\/eldiariodesanpedro.com.ar\/sitio\/wp-content\/uploads\/2017\/02\/La-cooperativa-el\u00e9ctrica-por-el-momento-no-tenemos-ninguna-notificaci\u00f3n-de-que-aument\u00f3-la-electricidad-dijo-Groppo.jpg","jetpack_shortlink":"https:\/\/wp.me\/p6RhLt-3Ku","jetpack_sharing_enabled":true,"_links":{"self":[{"href":"https:\/\/eldiariodesanpedro.com.ar\/sitio\/wp-json\/wp\/v2\/posts\/14414","targetHints":{"allow":["GET"]}}],"collection":[{"href":"https:\/\/eldiariodesanpedro.com.ar\/sitio\/wp-json\/wp\/v2\/posts"}],"about":[{"href":"https:\/\/eldiariodesanpedro.com.ar\/sitio\/wp-json\/wp\/v2\/types\/post"}],"author":[{"embeddable":true,"href":"https:\/\/eldiariodesanpedro.com.ar\/sitio\/wp-json\/wp\/v2\/users\/4"}],"replies":[{"embeddable":true,"href":"https:\/\/eldiariodesanpedro.com.ar\/sitio\/wp-json\/wp\/v2\/comments?post=14414"}],"version-history":[{"count":1,"href":"https:\/\/eldiariodesanpedro.com.ar\/sitio\/wp-json\/wp\/v2\/posts\/14414\/revisions"}],"predecessor-version":[{"id":14417,"href":"https:\/\/eldiariodesanpedro.com.ar\/sitio\/wp-json\/wp\/v2\/posts\/14414\/revisions\/14417"}],"wp:featuredmedia":[{"embeddable":true,"href":"https:\/\/eldiariodesanpedro.com.ar\/sitio\/wp-json\/wp\/v2\/media\/14415"}],"wp:attachment":[{"href":"https:\/\/eldiariodesanpedro.com.ar\/sitio\/wp-json\/wp\/v2\/media?parent=14414"}],"wp:term":[{"taxonomy":"category","embeddable":true,"href":"https:\/\/eldiariodesanpedro.com.ar\/sitio\/wp-json\/wp\/v2\/categories?post=14414"},{"taxonomy":"post_tag","embeddable":true,"href":"https:\/\/eldiariodesanpedro.com.ar\/sitio\/wp-json\/wp\/v2\/tags?post=14414"}],"curies":[{"name":"wp","href":"https:\/\/api.w.org\/{rel}","templated":true}]}}