{"id":144083,"date":"2025-10-02T11:17:56","date_gmt":"2025-10-02T14:17:56","guid":{"rendered":"https:\/\/eldiariodesanpedro.com.ar\/sitio\/?p=144083"},"modified":"2025-10-02T11:18:00","modified_gmt":"2025-10-02T14:18:00","slug":"tentativa-de-robo-recuperan-motocicleta-en-un-rapido-operativo-policial","status":"publish","type":"post","link":"https:\/\/eldiariodesanpedro.com.ar\/sitio\/tentativa-de-robo-recuperan-motocicleta-en-un-rapido-operativo-policial\/","title":{"rendered":"Tentativa de robo: recuperan motocicleta en un r\u00e1pido operativo policial"},"content":{"rendered":"<!-- VideographyWP Plugin Message: Automatic video embedding prevented by plugin options. -->\n\n<p>Personal policial logr\u00f3 recuperar una motocicleta robada en calle Auli y Bottaro tras la huida de dos delincuentes.<\/p>\n\n\n\n<p>En el d\u00eda de ayer, <strong>personal policial intervino r\u00e1pidamente tras un llamado al 911<\/strong> y logr\u00f3 recuperar una <strong>motocicleta marca Motomel B110 de color negra<\/strong> en la intersecci\u00f3n de <strong>Auli y Bottaro<\/strong>.<\/p>\n\n\n\n<p>La moto hab\u00eda sido <strong>sustra\u00edda momentos antes en calle Balcarce al 400<\/strong>, donde se encontraba estacionada en la v\u00eda p\u00fablica, siendo propiedad de un joven de <strong>22 a\u00f1os<\/strong>.<\/p>\n\n\n\n<p>Durante el operativo, <strong>dos NN masculinos descartaron el rodado y emprendieron la huida<\/strong> al advertir la presencia del m\u00f3vil policial, logrando escapar de la aprehensi\u00f3n.<\/p>\n\n\n\n<p>La causa qued\u00f3 en manos de la <strong>Fiscal\u00eda Local<\/strong>, que contin\u00faa con las actuaciones correspondientes.<\/p>\n\n\n\n<p>#Policiales #TentativaDeRobo #MotoRobada #SanPedroSeguridad #Polic\u00eda<\/p>\n","protected":false},"excerpt":{"rendered":"<p>Personal policial logr\u00f3 recuperar una motocicleta robada en calle Auli y Bottaro tras la huida de dos delincuentes. En el d\u00eda de ayer, personal policial intervino r\u00e1pidamente tras un llamado al 911 y logr\u00f3 recuperar una motocicleta marca Motomel B110 de color negra en la intersecci\u00f3n de Auli y Bottaro. La moto hab\u00eda sido sustra\u00edda [&hellip;]<\/p>\n","protected":false},"author":4,"featured_media":144084,"comment_status":"closed","ping_status":"closed","sticky":false,"template":"","format":"standard","meta":{"om_disable_all_campaigns":false,"_jetpack_memberships_contains_paid_content":false,"footnotes":""},"categories":[2,103],"tags":[6468,4055,6469,5875,922],"class_list":["post-144083","post","type-post","status-publish","format-standard","has-post-thumbnail","hentry","category-locales","category-policiales-locales","tag-motomel-b110-negra","tag-operativo-policial","tag-recuperacion-motocicleta","tag-san-pedro-seguridad","tag-tentativa-de-robo"],"aioseo_notices":[],"gutentor_comment":0,"jetpack_featured_media_url":"https:\/\/eldiariodesanpedro.com.ar\/sitio\/wp-content\/uploads\/2025\/10\/medida-5.jpg","jetpack_shortlink":"https:\/\/wp.me\/p6RhLt-BtV","jetpack_sharing_enabled":true,"_links":{"self":[{"href":"https:\/\/eldiariodesanpedro.com.ar\/sitio\/wp-json\/wp\/v2\/posts\/144083","targetHints":{"allow":["GET"]}}],"collection":[{"href":"https:\/\/eldiariodesanpedro.com.ar\/sitio\/wp-json\/wp\/v2\/posts"}],"about":[{"href":"https:\/\/eldiariodesanpedro.com.ar\/sitio\/wp-json\/wp\/v2\/types\/post"}],"author":[{"embeddable":true,"href":"https:\/\/eldiariodesanpedro.com.ar\/sitio\/wp-json\/wp\/v2\/users\/4"}],"replies":[{"embeddable":true,"href":"https:\/\/eldiariodesanpedro.com.ar\/sitio\/wp-json\/wp\/v2\/comments?post=144083"}],"version-history":[{"count":1,"href":"https:\/\/eldiariodesanpedro.com.ar\/sitio\/wp-json\/wp\/v2\/posts\/144083\/revisions"}],"predecessor-version":[{"id":144085,"href":"https:\/\/eldiariodesanpedro.com.ar\/sitio\/wp-json\/wp\/v2\/posts\/144083\/revisions\/144085"}],"wp:featuredmedia":[{"embeddable":true,"href":"https:\/\/eldiariodesanpedro.com.ar\/sitio\/wp-json\/wp\/v2\/media\/144084"}],"wp:attachment":[{"href":"https:\/\/eldiariodesanpedro.com.ar\/sitio\/wp-json\/wp\/v2\/media?parent=144083"}],"wp:term":[{"taxonomy":"category","embeddable":true,"href":"https:\/\/eldiariodesanpedro.com.ar\/sitio\/wp-json\/wp\/v2\/categories?post=144083"},{"taxonomy":"post_tag","embeddable":true,"href":"https:\/\/eldiariodesanpedro.com.ar\/sitio\/wp-json\/wp\/v2\/tags?post=144083"}],"curies":[{"name":"wp","href":"https:\/\/api.w.org\/{rel}","templated":true}]}}