{"id":14407,"date":"2017-02-09T20:27:44","date_gmt":"2017-02-09T23:27:44","guid":{"rendered":"https:\/\/eldiariodesanpedro.com.ar\/sitio\/?p=14407"},"modified":"2017-02-09T20:27:44","modified_gmt":"2017-02-09T23:27:44","slug":"presentaron-el-concurso-agroemprende-2017","status":"publish","type":"post","link":"https:\/\/eldiariodesanpedro.com.ar\/sitio\/presentaron-el-concurso-agroemprende-2017\/","title":{"rendered":"Presentaron el Concurso Agroemprende 2017"},"content":{"rendered":"<p><!-- VideographyWP Plugin Message: Automatic video embedding prevented by plugin options. --><br \/>\nIntegrantes de los Ministerios de Producci\u00f3n y Agroindustria de la Naci\u00f3n presentaron en nuestra ciudad el concurso de ideas de negocios que busca alentar la cultura emprendedora y de innovaci\u00f3n en el interior bonaerense. En principio se reunieron con el Intendente Salazar y luego participaron en el sal\u00f3n de la Liga Deportiva Sampedrina de una presentaci\u00f3n. <\/p>\n<p>La iniciativa est\u00e1 dirigida a j\u00f3venes locales de 18 a 40 a\u00f1o que quieran iniciar un emprendimiento vinculado a la ruralidad, mejorar uno existente con una antig\u00fcedad no mayor a 3 a\u00f1os, as\u00ed como tambi\u00e9n innovar en la empresa familiar.<\/p>\n<p>El concurso, adem\u00e1s de premiar las mejores sesenta iniciativas de la provincia, brinda un programa de formaci\u00f3n y asistencia t\u00e9cnica para fortalecer los planes de negocios.<\/p>\n<p>Las capacitaciones comenzar\u00e1n a partir de marzo y tendr\u00e1n una duraci\u00f3n de tres meses hasta la evaluaci\u00f3n y presentaci\u00f3n de las ideas ganadoras.<\/p>\n<p>Particip\u00f3 de la jornada el subsecretario de Desarrollo Territorial de la Secretar\u00eda de Coordinaci\u00f3n y Desarrollo Territorial del Ministerio de Agroindustria, Felipe Crespo, entre otros funcionarios.<\/p>\n","protected":false},"excerpt":{"rendered":"<p>Integrantes de los Ministerios de Producci\u00f3n y Agroindustria de la Naci\u00f3n presentaron en nuestra ciudad el concurso de ideas de negocios que busca alentar la cultura emprendedora y de innovaci\u00f3n en el interior bonaerense. En principio se reunieron con el Intendente Salazar y luego participaron en el sal\u00f3n de la Liga Deportiva Sampedrina de una [&hellip;]<\/p>\n","protected":false},"author":4,"featured_media":14408,"comment_status":"open","ping_status":"closed","sticky":false,"template":"","format":"standard","meta":{"om_disable_all_campaigns":false,"_jetpack_memberships_contains_paid_content":false,"footnotes":""},"categories":[101,2],"tags":[],"class_list":["post-14407","post","type-post","status-publish","format-standard","has-post-thumbnail","hentry","category-interes-general-locales","category-locales"],"aioseo_notices":[],"gutentor_comment":0,"jetpack_featured_media_url":"https:\/\/eldiariodesanpedro.com.ar\/sitio\/wp-content\/uploads\/2017\/02\/agroemprende-2.jpg","jetpack_shortlink":"https:\/\/wp.me\/p6RhLt-3Kn","jetpack_sharing_enabled":true,"_links":{"self":[{"href":"https:\/\/eldiariodesanpedro.com.ar\/sitio\/wp-json\/wp\/v2\/posts\/14407","targetHints":{"allow":["GET"]}}],"collection":[{"href":"https:\/\/eldiariodesanpedro.com.ar\/sitio\/wp-json\/wp\/v2\/posts"}],"about":[{"href":"https:\/\/eldiariodesanpedro.com.ar\/sitio\/wp-json\/wp\/v2\/types\/post"}],"author":[{"embeddable":true,"href":"https:\/\/eldiariodesanpedro.com.ar\/sitio\/wp-json\/wp\/v2\/users\/4"}],"replies":[{"embeddable":true,"href":"https:\/\/eldiariodesanpedro.com.ar\/sitio\/wp-json\/wp\/v2\/comments?post=14407"}],"version-history":[{"count":1,"href":"https:\/\/eldiariodesanpedro.com.ar\/sitio\/wp-json\/wp\/v2\/posts\/14407\/revisions"}],"predecessor-version":[{"id":14409,"href":"https:\/\/eldiariodesanpedro.com.ar\/sitio\/wp-json\/wp\/v2\/posts\/14407\/revisions\/14409"}],"wp:featuredmedia":[{"embeddable":true,"href":"https:\/\/eldiariodesanpedro.com.ar\/sitio\/wp-json\/wp\/v2\/media\/14408"}],"wp:attachment":[{"href":"https:\/\/eldiariodesanpedro.com.ar\/sitio\/wp-json\/wp\/v2\/media?parent=14407"}],"wp:term":[{"taxonomy":"category","embeddable":true,"href":"https:\/\/eldiariodesanpedro.com.ar\/sitio\/wp-json\/wp\/v2\/categories?post=14407"},{"taxonomy":"post_tag","embeddable":true,"href":"https:\/\/eldiariodesanpedro.com.ar\/sitio\/wp-json\/wp\/v2\/tags?post=14407"}],"curies":[{"name":"wp","href":"https:\/\/api.w.org\/{rel}","templated":true}]}}