{"id":144051,"date":"2025-10-01T13:58:20","date_gmt":"2025-10-01T16:58:20","guid":{"rendered":"https:\/\/eldiariodesanpedro.com.ar\/sitio\/?p=144051"},"modified":"2025-10-01T13:58:24","modified_gmt":"2025-10-01T16:58:24","slug":"aprehendido-por-resistencia-a-la-autoridad-en-un-operativo-por-presunto-caso-de-violencia-de-genero","status":"publish","type":"post","link":"https:\/\/eldiariodesanpedro.com.ar\/sitio\/aprehendido-por-resistencia-a-la-autoridad-en-un-operativo-por-presunto-caso-de-violencia-de-genero\/","title":{"rendered":"Aprehendido por resistencia a la autoridad en un operativo por presunto caso de violencia de g\u00e9nero"},"content":{"rendered":"<!-- VideographyWP Plugin Message: Automatic video embedding prevented by plugin options. -->\n\n<p>Un joven de 18 a\u00f1os fue detenido tras agredir a efectivos policiales durante un procedimiento por presunta violencia de g\u00e9nero en la v\u00eda p\u00fablica.<\/p>\n\n\n\n<p>En la ma\u00f1ana de este martes, <strong>personal policial intervino en un llamado de emergencia al 911<\/strong> que alertaba sobre un <strong>presunto caso de violencia de g\u00e9nero<\/strong> en la v\u00eda p\u00fablica, en la intersecci\u00f3n de <strong>Avenida Sarmiento y Dr. Ricardo Rojas<\/strong>.<\/p>\n\n\n\n<p>Al arribar al lugar, los efectivos <strong>intentaron identificar a un joven de 18 a\u00f1os<\/strong>, quien reaccion\u00f3 de manera violenta, <strong>resisti\u00e9ndose a la autoridad<\/strong> y arrojando <strong>golpes de pu\u00f1o y puntapi\u00e9s<\/strong> contra el personal presente.<\/p>\n\n\n\n<p>En la escena tambi\u00e9n se encontraba su <strong>pareja de 20 a\u00f1os<\/strong>, quien no realiz\u00f3 manifestaciones sobre la supuesta situaci\u00f3n de violencia de g\u00e9nero.<\/p>\n\n\n\n<p>El joven fue finalmente reducido y <strong>trasladado a la dependencia policial<\/strong>, donde qued\u00f3 alojado en el sector de calabozos. <strong>La Fiscal\u00eda local dispuso la notificaci\u00f3n de la causa correspondiente.<\/strong><\/p>\n\n\n\n<p>#Policiales #ResistenciaALaAutoridad #ViolenciaDeG\u00e9nero #SanPedro #Seguridad<\/p>\n","protected":false},"excerpt":{"rendered":"<p>Un joven de 18 a\u00f1os fue detenido tras agredir a efectivos policiales durante un procedimiento por presunta violencia de g\u00e9nero en la v\u00eda p\u00fablica. En la ma\u00f1ana de este martes, personal policial intervino en un llamado de emergencia al 911 que alertaba sobre un presunto caso de violencia de g\u00e9nero en la v\u00eda p\u00fablica, en [&hellip;]<\/p>\n","protected":false},"author":4,"featured_media":144053,"comment_status":"closed","ping_status":"closed","sticky":false,"template":"","format":"standard","meta":{"om_disable_all_campaigns":false,"_jetpack_memberships_contains_paid_content":false,"footnotes":""},"categories":[2,103],"tags":[6429,5418,5441,5342,2396],"class_list":["post-144051","post","type-post","status-publish","format-standard","has-post-thumbnail","hentry","category-locales","category-policiales-locales","tag-aprehendido-por-resistencia-a-la-autoridad","tag-fiscalia-local","tag-joven-detenido-san-pedro","tag-operativo-policial-san-pedro","tag-violencia-de-genero-2"],"aioseo_notices":[],"gutentor_comment":0,"jetpack_featured_media_url":"https:\/\/eldiariodesanpedro.com.ar\/sitio\/wp-content\/uploads\/2025\/10\/medida-2.jpg","jetpack_shortlink":"https:\/\/wp.me\/p6RhLt-Btp","jetpack_sharing_enabled":true,"_links":{"self":[{"href":"https:\/\/eldiariodesanpedro.com.ar\/sitio\/wp-json\/wp\/v2\/posts\/144051","targetHints":{"allow":["GET"]}}],"collection":[{"href":"https:\/\/eldiariodesanpedro.com.ar\/sitio\/wp-json\/wp\/v2\/posts"}],"about":[{"href":"https:\/\/eldiariodesanpedro.com.ar\/sitio\/wp-json\/wp\/v2\/types\/post"}],"author":[{"embeddable":true,"href":"https:\/\/eldiariodesanpedro.com.ar\/sitio\/wp-json\/wp\/v2\/users\/4"}],"replies":[{"embeddable":true,"href":"https:\/\/eldiariodesanpedro.com.ar\/sitio\/wp-json\/wp\/v2\/comments?post=144051"}],"version-history":[{"count":1,"href":"https:\/\/eldiariodesanpedro.com.ar\/sitio\/wp-json\/wp\/v2\/posts\/144051\/revisions"}],"predecessor-version":[{"id":144054,"href":"https:\/\/eldiariodesanpedro.com.ar\/sitio\/wp-json\/wp\/v2\/posts\/144051\/revisions\/144054"}],"wp:featuredmedia":[{"embeddable":true,"href":"https:\/\/eldiariodesanpedro.com.ar\/sitio\/wp-json\/wp\/v2\/media\/144053"}],"wp:attachment":[{"href":"https:\/\/eldiariodesanpedro.com.ar\/sitio\/wp-json\/wp\/v2\/media?parent=144051"}],"wp:term":[{"taxonomy":"category","embeddable":true,"href":"https:\/\/eldiariodesanpedro.com.ar\/sitio\/wp-json\/wp\/v2\/categories?post=144051"},{"taxonomy":"post_tag","embeddable":true,"href":"https:\/\/eldiariodesanpedro.com.ar\/sitio\/wp-json\/wp\/v2\/tags?post=144051"}],"curies":[{"name":"wp","href":"https:\/\/api.w.org\/{rel}","templated":true}]}}