{"id":144045,"date":"2025-10-01T13:27:52","date_gmt":"2025-10-01T16:27:52","guid":{"rendered":"https:\/\/eldiariodesanpedro.com.ar\/sitio\/?p=144045"},"modified":"2025-10-01T13:27:56","modified_gmt":"2025-10-01T16:27:56","slug":"charla-sobre-prevencion-de-adicciones-en-el-cic","status":"publish","type":"post","link":"https:\/\/eldiariodesanpedro.com.ar\/sitio\/charla-sobre-prevencion-de-adicciones-en-el-cic\/","title":{"rendered":"Charla sobre prevenci\u00f3n de adicciones en el CIC"},"content":{"rendered":"<!-- VideographyWP Plugin Message: Automatic video embedding prevented by plugin options. -->\n\n<p>Vecinos participaron de la charla \u201cAdicciones Vs. Vida\u201d en el CIC, un espacio de reflexi\u00f3n y concientizaci\u00f3n para promover una vida saludable.<\/p>\n\n\n\n<p>La <strong>Secretar\u00eda de Desarrollo de la Comunidad de la Municipalidad de San Pedro<\/strong> organiz\u00f3 este martes en el <strong>Centro Integrador Comunitario (CIC)<\/strong> la charla <strong>\u201cAdicciones Vs. Vida\u201d<\/strong>, a cargo de <strong>Fernando Soriano<\/strong>, Director de la organizaci\u00f3n hom\u00f3nima.<\/p>\n\n\n\n<p>El encuentro reuni\u00f3 a <strong>vecinos y vecinas interesados en reflexionar sobre las problem\u00e1ticas del consumo<\/strong>, quienes participaron activamente del espacio.<\/p>\n\n\n\n<p>Soriano comparti\u00f3 su <strong>experiencia personal<\/strong>, transmitiendo un <strong>mensaje claro y comprometido<\/strong>, orientado a <strong>prevenir, concientizar y acompa\u00f1ar procesos de transformaci\u00f3n<\/strong> en aquellas personas que buscan construir un <strong>camino de vida saludable<\/strong>.<\/p>\n\n\n\n<p>De esta manera, la Municipalidad contin\u00faa impulsando acciones comunitarias para <strong>fortalecer la prevenci\u00f3n y la inclusi\u00f3n social<\/strong> en todo el distrito.<\/p>\n\n\n\n<p>#Prevenci\u00f3n #Adicciones #VidaSaludable #SanPedro #Concientizaci\u00f3n #CIC<\/p>\n\n\n\n<div class=\"wp-block-jetpack-slideshow aligncenter\" data-effect=\"slide\"><div class=\"wp-block-jetpack-slideshow_container swiper-container\"><ul class=\"wp-block-jetpack-slideshow_swiper-wrapper swiper-wrapper\"><li class=\"wp-block-jetpack-slideshow_slide swiper-slide\"><figure><img decoding=\"async\" width=\"840\" height=\"630\" alt=\"\" class=\"wp-block-jetpack-slideshow_image wp-image-144049 lazyload\" data-id=\"144049\" data-src=\"https:\/\/eldiariodesanpedro.com.ar\/sitio\/wp-content\/uploads\/2025\/10\/Imagen-de-WhatsApp-2025-10-01-a-las-11.18.00_1dc8d233.jpg\" data-srcset=\"https:\/\/eldiariodesanpedro.com.ar\/sitio\/wp-content\/uploads\/2025\/10\/Imagen-de-WhatsApp-2025-10-01-a-las-11.18.00_1dc8d233.jpg 840w, https:\/\/eldiariodesanpedro.com.ar\/sitio\/wp-content\/uploads\/2025\/10\/Imagen-de-WhatsApp-2025-10-01-a-las-11.18.00_1dc8d233-300x225.jpg 300w, https:\/\/eldiariodesanpedro.com.ar\/sitio\/wp-content\/uploads\/2025\/10\/Imagen-de-WhatsApp-2025-10-01-a-las-11.18.00_1dc8d233-768x576.jpg 768w, https:\/\/eldiariodesanpedro.com.ar\/sitio\/wp-content\/uploads\/2025\/10\/Imagen-de-WhatsApp-2025-10-01-a-las-11.18.00_1dc8d233-272x204.jpg 272w\" data-sizes=\"(max-width: 840px) 100vw, 840px\" src=\"data:image\/svg+xml;base64,PHN2ZyB3aWR0aD0iMSIgaGVpZ2h0PSIxIiB4bWxucz0iaHR0cDovL3d3dy53My5vcmcvMjAwMC9zdmciPjwvc3ZnPg==\" style=\"--smush-placeholder-width: 840px; --smush-placeholder-aspect-ratio: 840\/630;\" \/><\/figure><\/li><li class=\"wp-block-jetpack-slideshow_slide swiper-slide\"><figure><img decoding=\"async\" width=\"840\" height=\"630\" alt=\"\" class=\"wp-block-jetpack-slideshow_image wp-image-144048 lazyload\" data-id=\"144048\" data-src=\"https:\/\/eldiariodesanpedro.com.ar\/sitio\/wp-content\/uploads\/2025\/10\/Imagen-de-WhatsApp-2025-10-01-a-las-11.17.59_bbeced2d.jpg\" data-srcset=\"https:\/\/eldiariodesanpedro.com.ar\/sitio\/wp-content\/uploads\/2025\/10\/Imagen-de-WhatsApp-2025-10-01-a-las-11.17.59_bbeced2d.jpg 840w, https:\/\/eldiariodesanpedro.com.ar\/sitio\/wp-content\/uploads\/2025\/10\/Imagen-de-WhatsApp-2025-10-01-a-las-11.17.59_bbeced2d-300x225.jpg 300w, https:\/\/eldiariodesanpedro.com.ar\/sitio\/wp-content\/uploads\/2025\/10\/Imagen-de-WhatsApp-2025-10-01-a-las-11.17.59_bbeced2d-768x576.jpg 768w, https:\/\/eldiariodesanpedro.com.ar\/sitio\/wp-content\/uploads\/2025\/10\/Imagen-de-WhatsApp-2025-10-01-a-las-11.17.59_bbeced2d-272x204.jpg 272w\" data-sizes=\"(max-width: 840px) 100vw, 840px\" src=\"data:image\/svg+xml;base64,PHN2ZyB3aWR0aD0iMSIgaGVpZ2h0PSIxIiB4bWxucz0iaHR0cDovL3d3dy53My5vcmcvMjAwMC9zdmciPjwvc3ZnPg==\" style=\"--smush-placeholder-width: 840px; --smush-placeholder-aspect-ratio: 840\/630;\" \/><\/figure><\/li><li class=\"wp-block-jetpack-slideshow_slide swiper-slide\"><figure><img decoding=\"async\" width=\"840\" height=\"630\" alt=\"\" class=\"wp-block-jetpack-slideshow_image wp-image-144047 lazyload\" data-id=\"144047\" data-src=\"https:\/\/eldiariodesanpedro.com.ar\/sitio\/wp-content\/uploads\/2025\/10\/Imagen-de-WhatsApp-2025-10-01-a-las-11.17.59_7f05e272.jpg\" data-srcset=\"https:\/\/eldiariodesanpedro.com.ar\/sitio\/wp-content\/uploads\/2025\/10\/Imagen-de-WhatsApp-2025-10-01-a-las-11.17.59_7f05e272.jpg 840w, https:\/\/eldiariodesanpedro.com.ar\/sitio\/wp-content\/uploads\/2025\/10\/Imagen-de-WhatsApp-2025-10-01-a-las-11.17.59_7f05e272-300x225.jpg 300w, https:\/\/eldiariodesanpedro.com.ar\/sitio\/wp-content\/uploads\/2025\/10\/Imagen-de-WhatsApp-2025-10-01-a-las-11.17.59_7f05e272-768x576.jpg 768w, https:\/\/eldiariodesanpedro.com.ar\/sitio\/wp-content\/uploads\/2025\/10\/Imagen-de-WhatsApp-2025-10-01-a-las-11.17.59_7f05e272-272x204.jpg 272w\" data-sizes=\"(max-width: 840px) 100vw, 840px\" src=\"data:image\/svg+xml;base64,PHN2ZyB3aWR0aD0iMSIgaGVpZ2h0PSIxIiB4bWxucz0iaHR0cDovL3d3dy53My5vcmcvMjAwMC9zdmciPjwvc3ZnPg==\" style=\"--smush-placeholder-width: 840px; --smush-placeholder-aspect-ratio: 840\/630;\" \/><\/figure><\/li><li class=\"wp-block-jetpack-slideshow_slide swiper-slide\"><figure><img decoding=\"async\" width=\"840\" height=\"630\" alt=\"\" class=\"wp-block-jetpack-slideshow_image wp-image-144046 lazyload\" data-id=\"144046\" data-src=\"https:\/\/eldiariodesanpedro.com.ar\/sitio\/wp-content\/uploads\/2025\/10\/Imagen-de-WhatsApp-2025-10-01-a-las-11.17.58_e0a96c51.jpg\" data-srcset=\"https:\/\/eldiariodesanpedro.com.ar\/sitio\/wp-content\/uploads\/2025\/10\/Imagen-de-WhatsApp-2025-10-01-a-las-11.17.58_e0a96c51.jpg 840w, https:\/\/eldiariodesanpedro.com.ar\/sitio\/wp-content\/uploads\/2025\/10\/Imagen-de-WhatsApp-2025-10-01-a-las-11.17.58_e0a96c51-300x225.jpg 300w, https:\/\/eldiariodesanpedro.com.ar\/sitio\/wp-content\/uploads\/2025\/10\/Imagen-de-WhatsApp-2025-10-01-a-las-11.17.58_e0a96c51-768x576.jpg 768w, https:\/\/eldiariodesanpedro.com.ar\/sitio\/wp-content\/uploads\/2025\/10\/Imagen-de-WhatsApp-2025-10-01-a-las-11.17.58_e0a96c51-272x204.jpg 272w\" data-sizes=\"(max-width: 840px) 100vw, 840px\" src=\"data:image\/svg+xml;base64,PHN2ZyB3aWR0aD0iMSIgaGVpZ2h0PSIxIiB4bWxucz0iaHR0cDovL3d3dy53My5vcmcvMjAwMC9zdmciPjwvc3ZnPg==\" style=\"--smush-placeholder-width: 840px; --smush-placeholder-aspect-ratio: 840\/630;\" \/><\/figure><\/li><\/ul><a class=\"wp-block-jetpack-slideshow_button-prev swiper-button-prev swiper-button-white\" role=\"button\"><\/a><a class=\"wp-block-jetpack-slideshow_button-next swiper-button-next swiper-button-white\" role=\"button\"><\/a><a aria-label=\"Pause Slideshow\" class=\"wp-block-jetpack-slideshow_button-pause\" role=\"button\"><\/a><div class=\"wp-block-jetpack-slideshow_pagination swiper-pagination swiper-pagination-white\"><\/div><\/div><\/div>\n","protected":false},"excerpt":{"rendered":"<p>Vecinos participaron de la charla \u201cAdicciones Vs. Vida\u201d en el CIC, un espacio de reflexi\u00f3n y concientizaci\u00f3n para promover una vida saludable. La Secretar\u00eda de Desarrollo de la Comunidad de la Municipalidad de San Pedro organiz\u00f3 este martes en el Centro Integrador Comunitario (CIC) la charla \u201cAdicciones Vs. Vida\u201d, a cargo de Fernando Soriano, Director [&hellip;]<\/p>\n","protected":false},"author":4,"featured_media":144049,"comment_status":"closed","ping_status":"closed","sticky":false,"template":"","format":"standard","meta":{"om_disable_all_campaigns":false,"_jetpack_memberships_contains_paid_content":false,"footnotes":""},"categories":[101,2],"tags":[6426,6258,6427,6259,5505,6428],"class_list":["post-144045","post","type-post","status-publish","format-standard","has-post-thumbnail","hentry","category-interes-general-locales","category-locales","tag-charla-sobre-prevencion-de-adicciones","tag-cic-san-pedro","tag-concientizacion","tag-fernando-soriano","tag-secretaria-de-desarrollo-de-la-comunidad","tag-vida-saludable"],"aioseo_notices":[],"gutentor_comment":0,"jetpack_featured_media_url":"https:\/\/eldiariodesanpedro.com.ar\/sitio\/wp-content\/uploads\/2025\/10\/Imagen-de-WhatsApp-2025-10-01-a-las-11.18.00_1dc8d233.jpg","jetpack_shortlink":"https:\/\/wp.me\/p6RhLt-Btj","jetpack_sharing_enabled":true,"_links":{"self":[{"href":"https:\/\/eldiariodesanpedro.com.ar\/sitio\/wp-json\/wp\/v2\/posts\/144045","targetHints":{"allow":["GET"]}}],"collection":[{"href":"https:\/\/eldiariodesanpedro.com.ar\/sitio\/wp-json\/wp\/v2\/posts"}],"about":[{"href":"https:\/\/eldiariodesanpedro.com.ar\/sitio\/wp-json\/wp\/v2\/types\/post"}],"author":[{"embeddable":true,"href":"https:\/\/eldiariodesanpedro.com.ar\/sitio\/wp-json\/wp\/v2\/users\/4"}],"replies":[{"embeddable":true,"href":"https:\/\/eldiariodesanpedro.com.ar\/sitio\/wp-json\/wp\/v2\/comments?post=144045"}],"version-history":[{"count":1,"href":"https:\/\/eldiariodesanpedro.com.ar\/sitio\/wp-json\/wp\/v2\/posts\/144045\/revisions"}],"predecessor-version":[{"id":144050,"href":"https:\/\/eldiariodesanpedro.com.ar\/sitio\/wp-json\/wp\/v2\/posts\/144045\/revisions\/144050"}],"wp:featuredmedia":[{"embeddable":true,"href":"https:\/\/eldiariodesanpedro.com.ar\/sitio\/wp-json\/wp\/v2\/media\/144049"}],"wp:attachment":[{"href":"https:\/\/eldiariodesanpedro.com.ar\/sitio\/wp-json\/wp\/v2\/media?parent=144045"}],"wp:term":[{"taxonomy":"category","embeddable":true,"href":"https:\/\/eldiariodesanpedro.com.ar\/sitio\/wp-json\/wp\/v2\/categories?post=144045"},{"taxonomy":"post_tag","embeddable":true,"href":"https:\/\/eldiariodesanpedro.com.ar\/sitio\/wp-json\/wp\/v2\/tags?post=144045"}],"curies":[{"name":"wp","href":"https:\/\/api.w.org\/{rel}","templated":true}]}}