{"id":14404,"date":"2017-02-09T20:22:00","date_gmt":"2017-02-09T23:22:00","guid":{"rendered":"https:\/\/eldiariodesanpedro.com.ar\/sitio\/?p=14404"},"modified":"2017-02-09T20:22:00","modified_gmt":"2017-02-09T23:22:00","slug":"el-municipio-presento-dos-nuevos-equipos-de-fumigacion","status":"publish","type":"post","link":"https:\/\/eldiariodesanpedro.com.ar\/sitio\/el-municipio-presento-dos-nuevos-equipos-de-fumigacion\/","title":{"rendered":"El Municipio present\u00f3 dos nuevos equipos de fumigaci\u00f3n"},"content":{"rendered":"<p><!-- VideographyWP Plugin Message: Automatic video embedding prevented by plugin options. --><br \/>\nEn la ma\u00f1ana de hoy, autoridades municipales presentaron en sociedad los nuevos elementos que permitir\u00e1n desarrollar las tareas de fumigaci\u00f3n en la ciudad con mayor eficiencia.<\/p>\n<p>\u201cEsta m\u00e1quina lleg\u00f3 hoy, para nosotros es muy importante teniendo en cuenta que no ten\u00edamos nada. Cuando llegamos hab\u00edamos conseguido una a pr\u00e9stamo del Ministerio de Salud de la Provincia pero despu\u00e9s la reclamaron y la tuvimos que reclamar\u201d, sostuvo el Intendente Salazar. \u201cSaverio Guti\u00e9rrez nos aconsej\u00f3 que compramos est\u00e1 y nos son muchos municipios los que la tienen. Sali\u00f3 alrededor de 170 mil pesos\u201d, agreg\u00f3.<\/p>\n<p>Por su parte el Director de Bromatolog\u00eda Saverio Guti\u00e9rrez, explic\u00f3: \u201cSon dos m\u00e1quinas con la misma funci\u00f3n. Es para usar en veh\u00edculos terrestres y acu\u00e1ticos, la otra es de mano, nos permite trabajar en lugares m\u00e1s cerrados, como por ejemplo edificio p\u00fablicos\u201d.<\/p>\n<p>\u201cNos permite llegar a una mayor altura y nos permite entrar en zonas arboladas y con mayor vegetaci\u00f3n, matando en la parte interna del arbolado los mosquitos\u201d. \u201cProduce un humo porque trabaja con temperatura y de esa manera la micro gota se eleva y puede llegar a alturas importantes\u201d, manifest\u00f3 el funcionario.<\/p>\n<p>\u201cNos va a permitir trabajar mejor en localidades y en los per\u00edmetros con mayor vegetaci\u00f3n en la ciudad\u201d, dijo por \u00faltimo.<\/p>\n","protected":false},"excerpt":{"rendered":"<p>En la ma\u00f1ana de hoy, autoridades municipales presentaron en sociedad los nuevos elementos que permitir\u00e1n desarrollar las tareas de fumigaci\u00f3n en la ciudad con mayor eficiencia. \u201cEsta m\u00e1quina lleg\u00f3 hoy, para nosotros es muy importante teniendo en cuenta que no ten\u00edamos nada. Cuando llegamos hab\u00edamos conseguido una a pr\u00e9stamo del Ministerio de Salud de la [&hellip;]<\/p>\n","protected":false},"author":4,"featured_media":14405,"comment_status":"open","ping_status":"closed","sticky":false,"template":"","format":"standard","meta":{"om_disable_all_campaigns":false,"_jetpack_memberships_contains_paid_content":false,"footnotes":""},"categories":[2,102],"tags":[],"class_list":["post-14404","post","type-post","status-publish","format-standard","has-post-thumbnail","hentry","category-locales","category-politica-locales"],"aioseo_notices":[],"gutentor_comment":0,"jetpack_featured_media_url":"https:\/\/eldiariodesanpedro.com.ar\/sitio\/wp-content\/uploads\/2017\/02\/Uno-de-los-nuevos-equipos-que-compr\u00f3-la-municipalidad.jpg","jetpack_shortlink":"https:\/\/wp.me\/p6RhLt-3Kk","jetpack_sharing_enabled":true,"_links":{"self":[{"href":"https:\/\/eldiariodesanpedro.com.ar\/sitio\/wp-json\/wp\/v2\/posts\/14404","targetHints":{"allow":["GET"]}}],"collection":[{"href":"https:\/\/eldiariodesanpedro.com.ar\/sitio\/wp-json\/wp\/v2\/posts"}],"about":[{"href":"https:\/\/eldiariodesanpedro.com.ar\/sitio\/wp-json\/wp\/v2\/types\/post"}],"author":[{"embeddable":true,"href":"https:\/\/eldiariodesanpedro.com.ar\/sitio\/wp-json\/wp\/v2\/users\/4"}],"replies":[{"embeddable":true,"href":"https:\/\/eldiariodesanpedro.com.ar\/sitio\/wp-json\/wp\/v2\/comments?post=14404"}],"version-history":[{"count":1,"href":"https:\/\/eldiariodesanpedro.com.ar\/sitio\/wp-json\/wp\/v2\/posts\/14404\/revisions"}],"predecessor-version":[{"id":14406,"href":"https:\/\/eldiariodesanpedro.com.ar\/sitio\/wp-json\/wp\/v2\/posts\/14404\/revisions\/14406"}],"wp:featuredmedia":[{"embeddable":true,"href":"https:\/\/eldiariodesanpedro.com.ar\/sitio\/wp-json\/wp\/v2\/media\/14405"}],"wp:attachment":[{"href":"https:\/\/eldiariodesanpedro.com.ar\/sitio\/wp-json\/wp\/v2\/media?parent=14404"}],"wp:term":[{"taxonomy":"category","embeddable":true,"href":"https:\/\/eldiariodesanpedro.com.ar\/sitio\/wp-json\/wp\/v2\/categories?post=14404"},{"taxonomy":"post_tag","embeddable":true,"href":"https:\/\/eldiariodesanpedro.com.ar\/sitio\/wp-json\/wp\/v2\/tags?post=14404"}],"curies":[{"name":"wp","href":"https:\/\/api.w.org\/{rel}","templated":true}]}}