{"id":144038,"date":"2025-10-01T12:31:28","date_gmt":"2025-10-01T15:31:28","guid":{"rendered":"https:\/\/eldiariodesanpedro.com.ar\/sitio\/?p=144038"},"modified":"2025-10-01T12:31:32","modified_gmt":"2025-10-01T15:31:32","slug":"acompanamiento-en-tramites-de-pensiones-por-discapacidad-en-las-localidades","status":"publish","type":"post","link":"https:\/\/eldiariodesanpedro.com.ar\/sitio\/acompanamiento-en-tramites-de-pensiones-por-discapacidad-en-las-localidades\/","title":{"rendered":"Acompa\u00f1amiento en tr\u00e1mites de pensiones por discapacidad en las localidades"},"content":{"rendered":"<!-- VideographyWP Plugin Message: Automatic video embedding prevented by plugin options. -->\n\n<p>La Municipalidad de San Pedro y la Defensor\u00eda del Pueblo acercan asesoramiento en localidades para tr\u00e1mites de pensiones por discapacidad.<\/p>\n\n\n\n<p>El <strong>\u00e1rea de Discapacidad de la Secretar\u00eda de Desarrollo de la Comunidad<\/strong>, en conjunto con la <strong>Defensor\u00eda del Pueblo<\/strong>, llev\u00f3 adelante una <strong>jornada de atenci\u00f3n en Santa Luc\u00eda, Gobernador Castro y R\u00edo Tala<\/strong>. El objetivo fue <strong>acompa\u00f1ar y asesorar a vecinos y vecinas con dificultades en la tramitaci\u00f3n o continuidad de sus pensiones por discapacidad<\/strong>.<\/p>\n\n\n\n<p>La propuesta apunta a <strong>facilitar el acceso a la informaci\u00f3n y servicios<\/strong>, evitando traslados innecesarios a la ciudad y garantizando que el <strong>acompa\u00f1amiento llegue directamente a cada localidad<\/strong>.<\/p>\n\n\n\n<p>De esta manera, el Municipio reafirma su compromiso con el <strong>fortalecimiento del acceso a derechos y la inclusi\u00f3n<\/strong> en todo el partido de San Pedro.<\/p>\n\n\n\n<p>El <strong>cronograma de atenci\u00f3n<\/strong> continuar\u00e1 en <strong>Bajo Tala el mi\u00e9rcoles 1\u00b0 de octubre<\/strong>, en <strong>Vuelta de Obligado el viernes 3<\/strong>, en el <strong>barrio 1\u00b0 de Mayo el lunes 6<\/strong> y en el <strong>C.I.C. (Hermano Indio y Casella) el mi\u00e9rcoles 8 de octubre<\/strong>, siempre en el horario de 9 a 12.<\/p>\n\n\n\n<p>#SanPedro #Discapacidad #Inclusi\u00f3n #Derechos #Pensiones #DesarrolloComunitario<\/p>\n\n\n\n<div class=\"wp-block-jetpack-slideshow aligncenter\" data-effect=\"slide\"><div class=\"wp-block-jetpack-slideshow_container swiper-container\"><ul class=\"wp-block-jetpack-slideshow_swiper-wrapper swiper-wrapper\"><li class=\"wp-block-jetpack-slideshow_slide swiper-slide\"><figure><img decoding=\"async\" width=\"840\" height=\"630\" alt=\"\" class=\"wp-block-jetpack-slideshow_image wp-image-144042 lazyload\" data-id=\"144042\" data-src=\"https:\/\/eldiariodesanpedro.com.ar\/sitio\/wp-content\/uploads\/2025\/10\/Imagen-de-WhatsApp-2025-10-01-a-las-10.15.41_4d237302.jpg\" data-srcset=\"https:\/\/eldiariodesanpedro.com.ar\/sitio\/wp-content\/uploads\/2025\/10\/Imagen-de-WhatsApp-2025-10-01-a-las-10.15.41_4d237302.jpg 840w, https:\/\/eldiariodesanpedro.com.ar\/sitio\/wp-content\/uploads\/2025\/10\/Imagen-de-WhatsApp-2025-10-01-a-las-10.15.41_4d237302-300x225.jpg 300w, https:\/\/eldiariodesanpedro.com.ar\/sitio\/wp-content\/uploads\/2025\/10\/Imagen-de-WhatsApp-2025-10-01-a-las-10.15.41_4d237302-768x576.jpg 768w, https:\/\/eldiariodesanpedro.com.ar\/sitio\/wp-content\/uploads\/2025\/10\/Imagen-de-WhatsApp-2025-10-01-a-las-10.15.41_4d237302-272x204.jpg 272w\" data-sizes=\"(max-width: 840px) 100vw, 840px\" src=\"data:image\/svg+xml;base64,PHN2ZyB3aWR0aD0iMSIgaGVpZ2h0PSIxIiB4bWxucz0iaHR0cDovL3d3dy53My5vcmcvMjAwMC9zdmciPjwvc3ZnPg==\" style=\"--smush-placeholder-width: 840px; --smush-placeholder-aspect-ratio: 840\/630;\" \/><\/figure><\/li><\/ul><a class=\"wp-block-jetpack-slideshow_button-prev swiper-button-prev swiper-button-white\" role=\"button\"><\/a><a class=\"wp-block-jetpack-slideshow_button-next swiper-button-next swiper-button-white\" role=\"button\"><\/a><a aria-label=\"Pause Slideshow\" class=\"wp-block-jetpack-slideshow_button-pause\" role=\"button\"><\/a><div class=\"wp-block-jetpack-slideshow_pagination swiper-pagination swiper-pagination-white\"><\/div><\/div><\/div>\n","protected":false},"excerpt":{"rendered":"<p>La Municipalidad de San Pedro y la Defensor\u00eda del Pueblo acercan asesoramiento en localidades para tr\u00e1mites de pensiones por discapacidad. El \u00e1rea de Discapacidad de la Secretar\u00eda de Desarrollo de la Comunidad, en conjunto con la Defensor\u00eda del Pueblo, llev\u00f3 adelante una jornada de atenci\u00f3n en Santa Luc\u00eda, Gobernador Castro y R\u00edo Tala. El objetivo [&hellip;]<\/p>\n","protected":false},"author":4,"featured_media":144040,"comment_status":"closed","ping_status":"closed","sticky":false,"template":"","format":"standard","meta":{"om_disable_all_campaigns":false,"_jetpack_memberships_contains_paid_content":false,"footnotes":""},"categories":[101,2],"tags":[6424,6425,6423,6422],"class_list":["post-144038","post","type-post","status-publish","format-standard","has-post-thumbnail","hentry","category-interes-general-locales","category-locales","tag-defensoria-del-pueblo-san-pedro","tag-inclusion-localidades-san-pedro","tag-pensiones-por-discapacidad-san-pedro","tag-san-pedro-tramites-discapacidad"],"aioseo_notices":[],"gutentor_comment":0,"jetpack_featured_media_url":"https:\/\/eldiariodesanpedro.com.ar\/sitio\/wp-content\/uploads\/2025\/10\/Imagen-de-WhatsApp-2025-10-01-a-las-10.15.40_9e3cd1c0.jpg","jetpack_shortlink":"https:\/\/wp.me\/p6RhLt-Btc","jetpack_sharing_enabled":true,"_links":{"self":[{"href":"https:\/\/eldiariodesanpedro.com.ar\/sitio\/wp-json\/wp\/v2\/posts\/144038","targetHints":{"allow":["GET"]}}],"collection":[{"href":"https:\/\/eldiariodesanpedro.com.ar\/sitio\/wp-json\/wp\/v2\/posts"}],"about":[{"href":"https:\/\/eldiariodesanpedro.com.ar\/sitio\/wp-json\/wp\/v2\/types\/post"}],"author":[{"embeddable":true,"href":"https:\/\/eldiariodesanpedro.com.ar\/sitio\/wp-json\/wp\/v2\/users\/4"}],"replies":[{"embeddable":true,"href":"https:\/\/eldiariodesanpedro.com.ar\/sitio\/wp-json\/wp\/v2\/comments?post=144038"}],"version-history":[{"count":2,"href":"https:\/\/eldiariodesanpedro.com.ar\/sitio\/wp-json\/wp\/v2\/posts\/144038\/revisions"}],"predecessor-version":[{"id":144044,"href":"https:\/\/eldiariodesanpedro.com.ar\/sitio\/wp-json\/wp\/v2\/posts\/144038\/revisions\/144044"}],"wp:featuredmedia":[{"embeddable":true,"href":"https:\/\/eldiariodesanpedro.com.ar\/sitio\/wp-json\/wp\/v2\/media\/144040"}],"wp:attachment":[{"href":"https:\/\/eldiariodesanpedro.com.ar\/sitio\/wp-json\/wp\/v2\/media?parent=144038"}],"wp:term":[{"taxonomy":"category","embeddable":true,"href":"https:\/\/eldiariodesanpedro.com.ar\/sitio\/wp-json\/wp\/v2\/categories?post=144038"},{"taxonomy":"post_tag","embeddable":true,"href":"https:\/\/eldiariodesanpedro.com.ar\/sitio\/wp-json\/wp\/v2\/tags?post=144038"}],"curies":[{"name":"wp","href":"https:\/\/api.w.org\/{rel}","templated":true}]}}