{"id":144035,"date":"2025-10-01T12:11:59","date_gmt":"2025-10-01T15:11:59","guid":{"rendered":"https:\/\/eldiariodesanpedro.com.ar\/sitio\/?p=144035"},"modified":"2025-10-01T12:12:03","modified_gmt":"2025-10-01T15:12:03","slug":"san-pedro-vuelve-a-ser-sede-del-festival-internacional-de-cine-de-la-provincia-de-buenos-aires","status":"publish","type":"post","link":"https:\/\/eldiariodesanpedro.com.ar\/sitio\/san-pedro-vuelve-a-ser-sede-del-festival-internacional-de-cine-de-la-provincia-de-buenos-aires\/","title":{"rendered":"San Pedro vuelve a ser sede del Festival Internacional de Cine de la Provincia de Buenos Aires"},"content":{"rendered":"<!-- VideographyWP Plugin Message: Automatic video embedding prevented by plugin options. -->\n\n<p>El Teatro Municipal Siripo ser\u00e1 nuevamente escenario del FICPBA con pel\u00edculas nacionales e internacionales, gratis del 1 al 10 de octubre.<\/p>\n\n\n\n<p>El <strong>Teatro Municipal Siripo<\/strong> recibir\u00e1 por <strong>segunda vez<\/strong> al <strong>Festival Internacional de Cine de la Provincia de Buenos Aires (FICPBA)<\/strong>, que en su <strong>3\u00b0 edici\u00f3n<\/strong> proyectar\u00e1 <strong>pel\u00edculas nacionales e internacionales<\/strong> con <strong>entrada libre y gratuita<\/strong>.<\/p>\n\n\n\n<p>Las funciones en San Pedro se desarrollar\u00e1n del <strong>1 al 10 de octubre a las 20:30 hs.<\/strong> en Salta y Oliveira C\u00e9zar, con una programaci\u00f3n variada que incluye:<\/p>\n\n\n\n<ul class=\"wp-block-list\">\n<li><strong>Bardogento<\/strong> \u2013 Mi\u00e9rcoles 1\/10 (ATP)<\/li>\n\n\n\n<li><strong>Gatillero<\/strong> \u2013 Jueves 2\/10 (+16)<\/li>\n\n\n\n<li><strong>La casa del minotauro<\/strong> \u2013 Viernes 3\/10 (ATP)<\/li>\n\n\n\n<li><strong>Kaddadi<\/strong> \u2013 Mi\u00e9rcoles 8\/10 (+13)<\/li>\n\n\n\n<li><strong>Nunca fui a Disney<\/strong> \u2013 Jueves 9\/10 (ATP)<\/li>\n\n\n\n<li><strong>Los Vanezzia<\/strong> \u2013 Viernes 10\/10 (+16)<\/li>\n<\/ul>\n\n\n\n<p>El <strong>FICPBA<\/strong>, organizado por el <strong>Instituto Cultural de la Provincia<\/strong>, re\u00fane <strong>pel\u00edculas de m\u00e1s de 30 pa\u00edses<\/strong> y este a\u00f1o tiene a <strong>M\u00e9xico como invitado de honor<\/strong>. Adem\u00e1s de San Pedro, se llevar\u00e1 adelante en <strong>La Plata<\/strong> y en salas de la <strong>Red de Espacios Bonaerenses<\/strong>, consolid\u00e1ndose como <strong>uno de los festivales de cine m\u00e1s importantes del pa\u00eds<\/strong>.<\/p>\n\n\n\n<p>Desde la <strong>Municipalidad de San Pedro<\/strong> invitan a disfrutar de este <strong>encuentro cultural que promueve la identidad, la diversidad y el acceso al cine en pantalla grande<\/strong>.<\/p>\n\n\n\n<p> <strong>Teatro Municipal Siripo \u2013 Salta y Oliveira C\u00e9zar<\/strong><br><strong>Entrada libre y gratuita<\/strong><br><strong>Todas las funciones a las 20:30 hs.<\/strong><\/p>\n\n\n\n<p>FestivalDeCine #FICPBA #SanPedroCultura #CineGratis #FestivalInternacional #InstitutoCultural<\/p>\n","protected":false},"excerpt":{"rendered":"<p>El Teatro Municipal Siripo ser\u00e1 nuevamente escenario del FICPBA con pel\u00edculas nacionales e internacionales, gratis del 1 al 10 de octubre. El Teatro Municipal Siripo recibir\u00e1 por segunda vez al Festival Internacional de Cine de la Provincia de Buenos Aires (FICPBA), que en su 3\u00b0 edici\u00f3n proyectar\u00e1 pel\u00edculas nacionales e internacionales con entrada libre y [&hellip;]<\/p>\n","protected":false},"author":4,"featured_media":144036,"comment_status":"closed","ping_status":"closed","sticky":false,"template":"","format":"standard","meta":{"om_disable_all_campaigns":false,"_jetpack_memberships_contains_paid_content":false,"footnotes":""},"categories":[50,101,2],"tags":[6420,6419,6417,6421,6418],"class_list":["post-144035","post","type-post","status-publish","format-standard","has-post-thumbnail","hentry","category-destacadas","category-interes-general-locales","category-locales","tag-cine-gratis-en-san-pedro","tag-festival-internacional-de-cine-de-la-provincia-de-buenos-aires","tag-ficpba-2025","tag-peliculas-nacionales-e-internacionales","tag-san-pedro-teatro-municipal-siripo"],"aioseo_notices":[],"gutentor_comment":0,"jetpack_featured_media_url":"https:\/\/eldiariodesanpedro.com.ar\/sitio\/wp-content\/uploads\/2025\/10\/medida.jpg","jetpack_shortlink":"https:\/\/wp.me\/p6RhLt-Bt9","jetpack_sharing_enabled":true,"_links":{"self":[{"href":"https:\/\/eldiariodesanpedro.com.ar\/sitio\/wp-json\/wp\/v2\/posts\/144035","targetHints":{"allow":["GET"]}}],"collection":[{"href":"https:\/\/eldiariodesanpedro.com.ar\/sitio\/wp-json\/wp\/v2\/posts"}],"about":[{"href":"https:\/\/eldiariodesanpedro.com.ar\/sitio\/wp-json\/wp\/v2\/types\/post"}],"author":[{"embeddable":true,"href":"https:\/\/eldiariodesanpedro.com.ar\/sitio\/wp-json\/wp\/v2\/users\/4"}],"replies":[{"embeddable":true,"href":"https:\/\/eldiariodesanpedro.com.ar\/sitio\/wp-json\/wp\/v2\/comments?post=144035"}],"version-history":[{"count":1,"href":"https:\/\/eldiariodesanpedro.com.ar\/sitio\/wp-json\/wp\/v2\/posts\/144035\/revisions"}],"predecessor-version":[{"id":144037,"href":"https:\/\/eldiariodesanpedro.com.ar\/sitio\/wp-json\/wp\/v2\/posts\/144035\/revisions\/144037"}],"wp:featuredmedia":[{"embeddable":true,"href":"https:\/\/eldiariodesanpedro.com.ar\/sitio\/wp-json\/wp\/v2\/media\/144036"}],"wp:attachment":[{"href":"https:\/\/eldiariodesanpedro.com.ar\/sitio\/wp-json\/wp\/v2\/media?parent=144035"}],"wp:term":[{"taxonomy":"category","embeddable":true,"href":"https:\/\/eldiariodesanpedro.com.ar\/sitio\/wp-json\/wp\/v2\/categories?post=144035"},{"taxonomy":"post_tag","embeddable":true,"href":"https:\/\/eldiariodesanpedro.com.ar\/sitio\/wp-json\/wp\/v2\/tags?post=144035"}],"curies":[{"name":"wp","href":"https:\/\/api.w.org\/{rel}","templated":true}]}}