{"id":144033,"date":"2025-10-01T11:56:16","date_gmt":"2025-10-01T14:56:16","guid":{"rendered":"https:\/\/eldiariodesanpedro.com.ar\/sitio\/?p=144033"},"modified":"2025-10-01T11:56:20","modified_gmt":"2025-10-01T14:56:20","slug":"candela-basaldua-representara-a-la-argentina-en-el-sudamericano-u20-de-atletismo","status":"publish","type":"post","link":"https:\/\/eldiariodesanpedro.com.ar\/sitio\/candela-basaldua-representara-a-la-argentina-en-el-sudamericano-u20-de-atletismo\/","title":{"rendered":"Candela Basald\u00faa representar\u00e1 a la Argentina en el Sudamericano U20 de Atletismo"},"content":{"rendered":"<!-- VideographyWP Plugin Message: Automatic video embedding prevented by plugin options. -->\n\n<p>La atleta sampedrina Candela Basald\u00faa competir\u00e1 en Lima en las pruebas de 400m con vallas y posta 4&#215;400 mixta, representando a la Argentina.<\/p>\n\n\n\n<p>La <strong>Municipalidad de San Pedro<\/strong>, junto al <strong>Intendente Cecilio Salazar<\/strong>, felicit\u00f3 a la atleta sampedrina <strong>Candela Basald\u00faa<\/strong>, integrante de la <strong>Escuela Municipal de Atletismo<\/strong>, quien fue convocada por la <strong>Confederaci\u00f3n Argentina de Atletismo (CADA)<\/strong> para representar a la Argentina en el <strong>Campeonato Sudamericano U20 de Atletismo<\/strong>, que se disputar\u00e1 en <strong>Lima, Per\u00fa<\/strong>, los d\u00edas <strong>31 de octubre, 1 y 2 de noviembre<\/strong>.<\/p>\n\n\n\n<p>Candela formar\u00e1 parte de la <strong>delegaci\u00f3n nacional<\/strong>, compuesta por otros 22 atletas que competir\u00e1n en distintas disciplinas de pista y campo. En su caso, participar\u00e1 en las pruebas de <strong>400 metros con vallas<\/strong> y en la <strong>posta 4&#215;400 mixta<\/strong>.<\/p>\n\n\n\n<p>Es un gran orgullo para la ciudad que una <strong>joven formada en la Escuela Municipal de Atletismo<\/strong> represente al pa\u00eds en una competencia internacional de este nivel, llevando con esfuerzo y dedicaci\u00f3n los colores de <strong>la Argentina, San Pedro y su equipo<\/strong>.<\/p>\n\n\n\n<p>Desde la <strong>Municipalidad de San Pedro<\/strong> y la <strong>Direcci\u00f3n de Deportes<\/strong> le transmitieron sus mejores deseos de \u00e9xito en este nuevo desaf\u00edo deportivo.<\/p>\n\n\n\n<p>#CandelaBasald\u00faa #Atletismo #SudamericanoU20 #SanPedro #OrgulloSampedrino #AtletismoArgentino<\/p>\n","protected":false},"excerpt":{"rendered":"<p>La atleta sampedrina Candela Basald\u00faa competir\u00e1 en Lima en las pruebas de 400m con vallas y posta 4&#215;400 mixta, representando a la Argentina. La Municipalidad de San Pedro, junto al Intendente Cecilio Salazar, felicit\u00f3 a la atleta sampedrina Candela Basald\u00faa, integrante de la Escuela Municipal de Atletismo, quien fue convocada por la Confederaci\u00f3n Argentina de [&hellip;]<\/p>\n","protected":false},"author":4,"featured_media":142724,"comment_status":"closed","ping_status":"closed","sticky":false,"template":"","format":"standard","meta":{"om_disable_all_campaigns":false,"_jetpack_memberships_contains_paid_content":false,"footnotes":""},"categories":[101,2],"tags":[6415,5764,6414,6416,6173,6413],"class_list":["post-144033","post","type-post","status-publish","format-standard","has-post-thumbnail","hentry","category-interes-general-locales","category-locales","tag-400-metros-con-vallas","tag-candela-basaldua","tag-confederacion-argentina-de-atletismo","tag-posta-4x400-mixta","tag-san-pedro-deportes","tag-sudamericano-u20-atletismo"],"aioseo_notices":[],"gutentor_comment":0,"jetpack_featured_media_url":"https:\/\/eldiariodesanpedro.com.ar\/sitio\/wp-content\/uploads\/2025\/08\/Imagen-de-WhatsApp-2025-08-12-a-las-13.52.37_c9ca4c08.jpg","jetpack_shortlink":"https:\/\/wp.me\/p6RhLt-Bt7","jetpack_sharing_enabled":true,"_links":{"self":[{"href":"https:\/\/eldiariodesanpedro.com.ar\/sitio\/wp-json\/wp\/v2\/posts\/144033","targetHints":{"allow":["GET"]}}],"collection":[{"href":"https:\/\/eldiariodesanpedro.com.ar\/sitio\/wp-json\/wp\/v2\/posts"}],"about":[{"href":"https:\/\/eldiariodesanpedro.com.ar\/sitio\/wp-json\/wp\/v2\/types\/post"}],"author":[{"embeddable":true,"href":"https:\/\/eldiariodesanpedro.com.ar\/sitio\/wp-json\/wp\/v2\/users\/4"}],"replies":[{"embeddable":true,"href":"https:\/\/eldiariodesanpedro.com.ar\/sitio\/wp-json\/wp\/v2\/comments?post=144033"}],"version-history":[{"count":1,"href":"https:\/\/eldiariodesanpedro.com.ar\/sitio\/wp-json\/wp\/v2\/posts\/144033\/revisions"}],"predecessor-version":[{"id":144034,"href":"https:\/\/eldiariodesanpedro.com.ar\/sitio\/wp-json\/wp\/v2\/posts\/144033\/revisions\/144034"}],"wp:featuredmedia":[{"embeddable":true,"href":"https:\/\/eldiariodesanpedro.com.ar\/sitio\/wp-json\/wp\/v2\/media\/142724"}],"wp:attachment":[{"href":"https:\/\/eldiariodesanpedro.com.ar\/sitio\/wp-json\/wp\/v2\/media?parent=144033"}],"wp:term":[{"taxonomy":"category","embeddable":true,"href":"https:\/\/eldiariodesanpedro.com.ar\/sitio\/wp-json\/wp\/v2\/categories?post=144033"},{"taxonomy":"post_tag","embeddable":true,"href":"https:\/\/eldiariodesanpedro.com.ar\/sitio\/wp-json\/wp\/v2\/tags?post=144033"}],"curies":[{"name":"wp","href":"https:\/\/api.w.org\/{rel}","templated":true}]}}